{"id":418,"date":"2017-12-11T20:52:20","date_gmt":"2017-12-11T19:52:20","guid":{"rendered":"http:\/\/5.45.101.177\/haut-allier\/usagers-transportse\/index.php\/2017\/12\/11\/auvergne-rhone-alpes-souhaite418\/"},"modified":"2017-12-11T20:52:20","modified_gmt":"2017-12-11T19:52:20","slug":"auvergne-rhone-alpes-souhaite418","status":"publish","type":"post","link":"https:\/\/usagers-transports.haut-allier.eu\/index.php\/2017\/12\/11\/auvergne-rhone-alpes-souhaite418\/","title":{"rendered":"Auvergne Rh\u00f4ne Alpes souhaite rencontrer les Usagers [MAJ]"},"content":{"rendered":"<p><em>[MAJ du 14 D\u00e9cembre]<\/em><br \/>\nComme l&rsquo;an dernier lever de bouclier g\u00e9n\u00e9rale des associations et collectifs contre le moment choisi en pleine semaine \u00e0 14 heures. L&rsquo;\u00e9quipe du Weau insiste pour s&rsquo;\u00e9carter du dialogue avec les usagers. L&rsquo;ensemble des usagers demande une r\u00e9union un soir ou un samedi en janvier et exige qu&rsquo;il ne s&rsquo;agisse pas d&rsquo;un show m\u00e9diatique \u00e0 la gloire du pr\u00e9sident o\u00f9 la parole des voyageurs du quotidien sera laiss\u00e9e de c\u00f4t\u00e9.<br \/>\n&nbsp;<br \/>\n<em>[Article du 11 D\u00e9cembre]<\/em><br \/>\nApr\u00e8s une <a href=\"http:\/\/usagers-transports.haut-allier.eu\/?auvergne-rhone-alpes-le-delegue,351\"> <em>premi\u00e8re convocation<\/em><\/a> des usagers des transports r\u00e9gionaux en d\u00e9cembre 2016 \u00e0 Lyon par l&rsquo;inexistant Patrick Mignola, Martine Guibert, la nouvelle \u00e9lue charg\u00e9e des transports du conseil r\u00e9gional Auvergne Rh\u00f4ne -Alpes invite les 68 organisations de la grande r\u00e9gion \u00e0 une rencontre \u00e0 la fois \u00e0 Lyon et Clermont Ferrand (en simultan\u00e9) le mercredi 20 d\u00e9cembre \u00e0 14h. Une date et une heure une nouvelle fois extr\u00eamement pratique pour les associations et groupes d&rsquo;usagers !<br \/>\n&nbsp;<br \/>\n<strong>L&rsquo;ordre du jour pr\u00e9vu est le suivant :<\/strong><br \/>\n&nbsp;<\/p>\n<p>&#8211; Orientations de la r\u00e9gion en mati\u00e8re de Mobilit\u00e9.<br \/>\n<em>(La presse a suffisamment relat\u00e9 ce sujet, on avait cru comprendre mais bon)<\/em><br \/>\n&#8211; Pr\u00e9sentation de la nouvelle convention TER entre la r\u00e9gion et la SNCF.<br \/>\n<em>(L\u00e0 aussi la signature pr\u00e9sent\u00e9e comme un exploit du chef a \u00e9t\u00e9 largement d\u00e9velopp\u00e9e dans la presse et d&rsquo;ailleurs uniquement. Aucune prise en compte des souhaits des usagers)<\/em><br \/>\n&#8211; Elaboration du futur dispositif de concertation pour les Transports r\u00e9gionaux de voyageurs ; les Comit\u00e9s de Mobilit\u00e9 dans les territoires.<br \/>\n<em>(Comit\u00e9s de mobilit\u00e9 k\u00e9zaco ? Alors que partout on met en place des comit\u00e9s d\u00e9partementaux de transport et des comit\u00e9s de ligne ? ) <\/em><br \/>\n&#8211; Conclusion. <\/p>\n<p>&nbsp;<br \/>\n<strong>Nous essaierons d&rsquo;\u00eatre pr\u00e9sents de notre c\u00f4t\u00e9 et esp\u00e9rons assister \u00e0 autre chose qu&rsquo;un expos\u00e9 du staff lyonnais du Weau. Nous comptons en effet interpeller sur les sujets qui int\u00e9ressent le haut Allier puisque depuis deux ans il n&rsquo;a \u00e9t\u00e9 r\u00e9pondu \u00e0 aucune de nos questions.<\/strong><br \/>\n&nbsp;<\/p>\n","protected":false},"excerpt":{"rendered":"<p>[MAJ du 14 D\u00e9cembre] Comme l&rsquo;an dernier lever de bouclier g\u00e9n\u00e9rale des associations et collectifs contre le moment<\/p>\n","protected":false},"author":1,"featured_media":2252,"comment_status":"closed","ping_status":"open","sticky":false,"template":"","format":"standard","meta":{"footnotes":""},"categories":[3],"tags":[],"class_list":["post-418","post","type-post","status-publish","format-standard","has-post-thumbnail","hentry","category-en-train"],"_links":{"self":[{"href":"https:\/\/usagers-transports.haut-allier.eu\/index.php\/wp-json\/wp\/v2\/posts\/418","targetHints":{"allow":["GET"]}}],"collection":[{"href":"https:\/\/usagers-transports.haut-allier.eu\/index.php\/wp-json\/wp\/v2\/posts"}],"about":[{"href":"https:\/\/usagers-transports.haut-allier.eu\/index.php\/wp-json\/wp\/v2\/types\/post"}],"author":[{"embeddable":true,"href":"https:\/\/usagers-transports.haut-allier.eu\/index.php\/wp-json\/wp\/v2\/users\/1"}],"replies":[{"embeddable":true,"href":"https:\/\/usagers-transports.haut-allier.eu\/index.php\/wp-json\/wp\/v2\/comments?post=418"}],"version-history":[{"count":0,"href":"https:\/\/usagers-transports.haut-allier.eu\/index.php\/wp-json\/wp\/v2\/posts\/418\/revisions"}],"wp:featuredmedia":[{"embeddable":true,"href":"https:\/\/usagers-transports.haut-allier.eu\/index.php\/wp-json\/wp\/v2\/media\/2252"}],"wp:attachment":[{"href":"https:\/\/usagers-transports.haut-allier.eu\/index.php\/wp-json\/wp\/v2\/media?parent=418"}],"wp:term":[{"taxonomy":"category","embeddable":true,"href":"https:\/\/usagers-transports.haut-allier.eu\/index.php\/wp-json\/wp\/v2\/categories?post=418"},{"taxonomy":"post_tag","embeddable":true,"href":"https:\/\/usagers-transports.haut-allier.eu\/index.php\/wp-json\/wp\/v2\/tags?post=418"}],"curies":[{"name":"wp","href":"https:\/\/api.w.org\/{rel}","templated":true}]}}