{"id":419,"date":"2017-12-12T09:33:54","date_gmt":"2017-12-12T08:33:54","guid":{"rendered":"http:\/\/5.45.101.177\/haut-allier\/usagers-transportse\/index.php\/2017\/12\/12\/le-desastre-de-la-substitution-des419\/"},"modified":"2017-12-12T09:33:54","modified_gmt":"2017-12-12T08:33:54","slug":"le-desastre-de-la-substitution-des419","status":"publish","type":"post","link":"https:\/\/usagers-transports.haut-allier.eu\/index.php\/2017\/12\/12\/le-desastre-de-la-substitution-des419\/","title":{"rendered":"Le d\u00e9sastre de la substitution des trains par des bus dans le massif central"},"content":{"rendered":"<p>La SNCF et la r\u00e9gion AURA continuent \u00e0 remplacer les trains par des bus et \u00e0 les envoyer sur les routes verglass\u00e9es et enneig\u00e9es d\u2019Auvergne. Apr\u00e8s l&rsquo; <a href=\"http:\/\/usagers-transports.haut-allier.eu\/?autocars-sncf-de-substitution-ou,367\"><strong>accident de Tauves<\/strong> <\/a> (Puy de D\u00f4me) du d\u00e9but d&rsquo;ann\u00e9e, voil\u00e0 \u00e0 nouveau le r\u00e9sultat : 1 bless\u00e9. Et \u00e7a aurait pu \u00eatre pire.<br \/>\n&nbsp;<br \/>\n<img loading=\"lazy\" decoding=\"async\" class=\" aligncenter size-full wp-image-2254\" src=\"http:\/\/5.45.101.177\/haut-allier\/usagers-transportse\/wp-content\/uploads\/2017\/12\/20171128-162342_3515991.jpg\" alt=\"20171128-162342_3515991.jpg\" align=\"center\" width=\"640\" height=\"480\" srcset=\"https:\/\/usagers-transports.haut-allier.eu\/wp-content\/uploads\/2017\/12\/20171128-162342_3515991.jpg 640w, https:\/\/usagers-transports.haut-allier.eu\/wp-content\/uploads\/2017\/12\/20171128-162342_3515991-300x225.jpg 300w\" sizes=\"auto, (max-width: 640px) 100vw, 640px\" \/><br \/>\n&nbsp;<br \/>\n<strong>Le bus TER est le fer de lance de la SNCF pour le plan de fermeture des lignes de trains du quotidien<\/strong>.<br \/>\n&nbsp;<br \/>\nLes sondages aupr\u00e8s des usagers ont montr\u00e9 que seuls 10% des voyageurs qui comptaient prendre un train sont pr\u00eats \u00e0 se laisser embarquer dans un bus de substitution. Et ils ont raison ! Le bus est dangereux et inconfortable surtout sur nos routes de montagne. Le report des trajets sur des bus est le premier fautif de l\u2019abandon des territoires de la part de la soci\u00e9t\u00e9 dite ferroviaire, ET de l&rsquo;abandon du train par les usagers.<br \/>\n&nbsp;<br \/>\nL&rsquo;article de La Montagne du 28 novembre 2017 : <a href=\"http:\/\/www.lamontagne.fr\/marcenat\/faits-divers\/cantal\/2017\/11\/28\/le-bus-glisse-sur-la-chaussee-verglacee-a-marcenat-cantal-un-homme-legerement-blesse_12647941.html#refresh\"> <em>Le bus glisse sur la chauss\u00e9e verglac\u00e9e \u00e0 Marcenat (Cantal) : un homme l\u00e9g\u00e8rement bless\u00e9<\/em> <\/a><\/p>\n","protected":false},"excerpt":{"rendered":"<p>La SNCF et la r\u00e9gion AURA continuent \u00e0 remplacer les trains par des bus et \u00e0 les envoyer<\/p>\n","protected":false},"author":1,"featured_media":2253,"comment_status":"open","ping_status":"open","sticky":false,"template":"","format":"standard","meta":{"footnotes":""},"categories":[4],"tags":[],"class_list":["post-419","post","type-post","status-publish","format-standard","has-post-thumbnail","hentry","category-en-bus"],"_links":{"self":[{"href":"https:\/\/usagers-transports.haut-allier.eu\/index.php\/wp-json\/wp\/v2\/posts\/419","targetHints":{"allow":["GET"]}}],"collection":[{"href":"https:\/\/usagers-transports.haut-allier.eu\/index.php\/wp-json\/wp\/v2\/posts"}],"about":[{"href":"https:\/\/usagers-transports.haut-allier.eu\/index.php\/wp-json\/wp\/v2\/types\/post"}],"author":[{"embeddable":true,"href":"https:\/\/usagers-transports.haut-allier.eu\/index.php\/wp-json\/wp\/v2\/users\/1"}],"replies":[{"embeddable":true,"href":"https:\/\/usagers-transports.haut-allier.eu\/index.php\/wp-json\/wp\/v2\/comments?post=419"}],"version-history":[{"count":0,"href":"https:\/\/usagers-transports.haut-allier.eu\/index.php\/wp-json\/wp\/v2\/posts\/419\/revisions"}],"wp:featuredmedia":[{"embeddable":true,"href":"https:\/\/usagers-transports.haut-allier.eu\/index.php\/wp-json\/wp\/v2\/media\/2253"}],"wp:attachment":[{"href":"https:\/\/usagers-transports.haut-allier.eu\/index.php\/wp-json\/wp\/v2\/media?parent=419"}],"wp:term":[{"taxonomy":"category","embeddable":true,"href":"https:\/\/usagers-transports.haut-allier.eu\/index.php\/wp-json\/wp\/v2\/categories?post=419"},{"taxonomy":"post_tag","embeddable":true,"href":"https:\/\/usagers-transports.haut-allier.eu\/index.php\/wp-json\/wp\/v2\/tags?post=419"}],"curies":[{"name":"wp","href":"https:\/\/api.w.org\/{rel}","templated":true}]}}