{"id":420,"date":"2017-12-14T16:22:31","date_gmt":"2017-12-14T15:22:31","guid":{"rendered":"http:\/\/5.45.101.177\/haut-allier\/usagers-transportse\/index.php\/2017\/12\/14\/cars-macron-ufc-que-choisir420\/"},"modified":"2017-12-14T16:22:31","modified_gmt":"2017-12-14T15:22:31","slug":"cars-macron-ufc-que-choisir420","status":"publish","type":"post","link":"https:\/\/usagers-transports.haut-allier.eu\/index.php\/2017\/12\/14\/cars-macron-ufc-que-choisir420\/","title":{"rendered":"Cars Macron : UFC &#8211; Que choisir assigne OUIBUS et FLIXBUS en justice"},"content":{"rendered":"<p>Des conditions de vente des billets scandaleuses pour les deux t\u00e9nors du bus low cost en France l&rsquo;un filiale de la SNCF et l&rsquo;autre, allemand, qui ne prend m\u00eame pas la peine de fournir ses conditions en fran\u00e7ais.<br \/>\n&nbsp;<br \/>\nL&rsquo;association de consommateurs, apr\u00e8s avoir mis en demeure les trois principaux acteurs du transport en autocar au mois de juin dernier et face \u00e0 l\u2019absence de r\u00e9actions ou d\u2019avanc\u00e9es significatives, assigne aujourd\u2019hui devant le Tribunal de Grande Instance de Paris les deux soci\u00e9t\u00e9s.<br \/>\n&nbsp;<br \/>\nElle d\u00e9nonce l&rsquo;absence d&rsquo;information pr\u00e9alable \u00e0 l\u2019arr\u00eat, des horaires ou des correspondances en zig zag, le non respect du droit europ\u00e9en avec une limitation forte des droits voyageurs en cas de retard ou d\u2019annulation de voyage, et des conditions contractuelles qui m\u00e8nent le consommateur dans le brouillard avec des termes trop impr\u00e9cis.<br \/>\n&nbsp;<br \/>\nOn peut lire le d\u00e9tail des explications sur le site de l&rsquo;association : <a href=\"https:\/\/www.quechoisir.org\/action-ufc-que-choisir-cars-macron-l-ufc-que-choisir-assigne-ouibus-et-flixbus-n49292\/?utm_medium=email&#038;utm_source=nlh&#038;utm_campaign=nlh171214\">Cars Macron L&rsquo;UFC-Que Choisir assigne OUIBUS et FLIXBUS<\/a>.<\/p>\n","protected":false},"excerpt":{"rendered":"<p>Des conditions de vente des billets scandaleuses pour les deux t\u00e9nors du bus low cost en France l&rsquo;un<\/p>\n","protected":false},"author":1,"featured_media":2255,"comment_status":"open","ping_status":"open","sticky":false,"template":"","format":"standard","meta":{"footnotes":""},"categories":[4],"tags":[],"class_list":["post-420","post","type-post","status-publish","format-standard","has-post-thumbnail","hentry","category-en-bus"],"_links":{"self":[{"href":"https:\/\/usagers-transports.haut-allier.eu\/index.php\/wp-json\/wp\/v2\/posts\/420","targetHints":{"allow":["GET"]}}],"collection":[{"href":"https:\/\/usagers-transports.haut-allier.eu\/index.php\/wp-json\/wp\/v2\/posts"}],"about":[{"href":"https:\/\/usagers-transports.haut-allier.eu\/index.php\/wp-json\/wp\/v2\/types\/post"}],"author":[{"embeddable":true,"href":"https:\/\/usagers-transports.haut-allier.eu\/index.php\/wp-json\/wp\/v2\/users\/1"}],"replies":[{"embeddable":true,"href":"https:\/\/usagers-transports.haut-allier.eu\/index.php\/wp-json\/wp\/v2\/comments?post=420"}],"version-history":[{"count":0,"href":"https:\/\/usagers-transports.haut-allier.eu\/index.php\/wp-json\/wp\/v2\/posts\/420\/revisions"}],"wp:featuredmedia":[{"embeddable":true,"href":"https:\/\/usagers-transports.haut-allier.eu\/index.php\/wp-json\/wp\/v2\/media\/2255"}],"wp:attachment":[{"href":"https:\/\/usagers-transports.haut-allier.eu\/index.php\/wp-json\/wp\/v2\/media?parent=420"}],"wp:term":[{"taxonomy":"category","embeddable":true,"href":"https:\/\/usagers-transports.haut-allier.eu\/index.php\/wp-json\/wp\/v2\/categories?post=420"},{"taxonomy":"post_tag","embeddable":true,"href":"https:\/\/usagers-transports.haut-allier.eu\/index.php\/wp-json\/wp\/v2\/tags?post=420"}],"curies":[{"name":"wp","href":"https:\/\/api.w.org\/{rel}","templated":true}]}}