{"id":421,"date":"2017-12-15T10:37:21","date_gmt":"2017-12-15T09:37:21","guid":{"rendered":"http:\/\/5.45.101.177\/haut-allier\/usagers-transportse\/index.php\/2017\/12\/15\/scandale-l-etat-refuse-1-milliard421\/"},"modified":"2017-12-15T10:37:21","modified_gmt":"2017-12-15T09:37:21","slug":"scandale-l-etat-refuse-1-milliard421","status":"publish","type":"post","link":"https:\/\/usagers-transports.haut-allier.eu\/index.php\/2017\/12\/15\/scandale-l-etat-refuse-1-milliard421\/","title":{"rendered":"Scandale : l&rsquo;Etat refuse 1 milliard de l&rsquo;Europe pour la LGV Montpellier Perpignan"},"content":{"rendered":"<p>Les diff\u00e9rents gouvernements successifs pleurent \u00e0 longueur de m\u00e9dias pour faire passer le message aux citoyens : il n&rsquo;y a plus d&rsquo;argent dans les caisses.<br \/>\n&nbsp;<br \/>\nMais pas pour tout si l&rsquo;on en croit un parlementaire gardois : l&rsquo;Etat, pour le ferroviaire par exemple alors que tout lui co\u00fbte trop cher quand on l&rsquo;\u00e9coute, et <strong>pour les seuls projets qu&rsquo;il veut imposer avec la SNCF, soit le TGV \u00e0 tous prix au d\u00e9triment des lignes du quotidien<\/strong>, se permet de ne pas faire appel au financement europ\u00e9en. Un financement broutille, une aide d&rsquo;un si petit milliard d&rsquo;euros !<br \/>\n&nbsp;<br \/>\nC&rsquo;est ce qu&rsquo;a d\u00e9couvert le d\u00e9put\u00e9 europ\u00e9en n\u00eemois Franck Proust, qui a pourtant milit\u00e9 fortement pour la gare TGV de Manduel vers N\u00eemes :<br \/>\n&nbsp;<br \/>\n<strong> <em>\u00ab\u00a0Malheureusement, c\u2019est trop tard pour toucher cette somme. Un v\u00e9ritable g\u00e2chis, selon lui, dont l\u2019Etat est le seul et unique responsable. Il y a quelques mois, le Gouvernement avait fait savoir que ce tron\u00e7on Montpellier-Perpignan n\u2019\u00e9tait pas une priorit\u00e9.\u00a0\u00bb<\/em> <\/strong> ajoute la r\u00e9daction de France Bleu Gard Loz\u00e8re dans ses journaux du matin. Le d\u00e9put\u00e9 europ\u00e9en dit aussi que <strong> <em>\u00ab\u00a0Le Gouvernement fran\u00e7ais a tra\u00een\u00e9 pour d\u00e9poser un dossier devant la commission europ\u00e9enne qui d\u00e9livre les enveloppes pour les constructions des infrastructures.\u00a0\u00bb <\/em> <\/strong><br \/>\n&nbsp;<br \/>\nQuand on voit cette gabegie, tous les beaux discours des uns et des autres sur les difficult\u00e9s pour la r\u00e9habilitation des trains du quotidien, en deviennent au minimum risibles. Oui la SNCF et l&rsquo;Etat sont bel et bien complices dans l&rsquo;abandon du r\u00e9seau historique, celui que les citoyens empruntent tous les jours.<\/p>\n","protected":false},"excerpt":{"rendered":"<p>Les diff\u00e9rents gouvernements successifs pleurent \u00e0 longueur de m\u00e9dias pour faire passer le message aux citoyens : il<\/p>\n","protected":false},"author":1,"featured_media":2256,"comment_status":"open","ping_status":"open","sticky":false,"template":"","format":"standard","meta":{"footnotes":""},"categories":[3],"tags":[],"class_list":["post-421","post","type-post","status-publish","format-standard","has-post-thumbnail","hentry","category-en-train"],"_links":{"self":[{"href":"https:\/\/usagers-transports.haut-allier.eu\/index.php\/wp-json\/wp\/v2\/posts\/421","targetHints":{"allow":["GET"]}}],"collection":[{"href":"https:\/\/usagers-transports.haut-allier.eu\/index.php\/wp-json\/wp\/v2\/posts"}],"about":[{"href":"https:\/\/usagers-transports.haut-allier.eu\/index.php\/wp-json\/wp\/v2\/types\/post"}],"author":[{"embeddable":true,"href":"https:\/\/usagers-transports.haut-allier.eu\/index.php\/wp-json\/wp\/v2\/users\/1"}],"replies":[{"embeddable":true,"href":"https:\/\/usagers-transports.haut-allier.eu\/index.php\/wp-json\/wp\/v2\/comments?post=421"}],"version-history":[{"count":0,"href":"https:\/\/usagers-transports.haut-allier.eu\/index.php\/wp-json\/wp\/v2\/posts\/421\/revisions"}],"wp:featuredmedia":[{"embeddable":true,"href":"https:\/\/usagers-transports.haut-allier.eu\/index.php\/wp-json\/wp\/v2\/media\/2256"}],"wp:attachment":[{"href":"https:\/\/usagers-transports.haut-allier.eu\/index.php\/wp-json\/wp\/v2\/media?parent=421"}],"wp:term":[{"taxonomy":"category","embeddable":true,"href":"https:\/\/usagers-transports.haut-allier.eu\/index.php\/wp-json\/wp\/v2\/categories?post=421"},{"taxonomy":"post_tag","embeddable":true,"href":"https:\/\/usagers-transports.haut-allier.eu\/index.php\/wp-json\/wp\/v2\/tags?post=421"}],"curies":[{"name":"wp","href":"https:\/\/api.w.org\/{rel}","templated":true}]}}