{"id":423,"date":"2018-01-08T09:16:24","date_gmt":"2018-01-08T08:16:24","guid":{"rendered":"http:\/\/5.45.101.177\/haut-allier\/usagers-transportse\/index.php\/2018\/01\/08\/sncf-incapable-d-afficher-les423\/"},"modified":"2018-01-08T09:16:24","modified_gmt":"2018-01-08T08:16:24","slug":"sncf-incapable-d-afficher-les423","status":"publish","type":"post","link":"https:\/\/usagers-transports.haut-allier.eu\/index.php\/2018\/01\/08\/sncf-incapable-d-afficher-les423\/","title":{"rendered":"SNCF incapable d&rsquo;afficher les horaires dans ses gares d&rsquo;Auvergne Rh\u00f4ne Alpes"},"content":{"rendered":"<p>Voil\u00e0 plus de 7 mois que les affiches horaires dans les gares de la ligne des C\u00e9vennes ne sont pas remplac\u00e9es, induisant les usagers en erreur. Elles \u00e9taient d\u00e9j\u00e0 fausses fin ao\u00fbt 2017, elles n&rsquo;ont m\u00eame pas \u00e9t\u00e9 chang\u00e9es d\u00e9but d\u00e9cembre \u00e0 l&rsquo;occasion de la nouvelle grille horaire. Exemple \u00e0 Alleyras o\u00f9 les feuilles A4 erron\u00e9es datent de d\u00e9but juillet 2017.<br \/>\n&nbsp;<br \/>\nContact\u00e9 par nos soins le service TER Rh\u00f4ne Alpes Auvergne va faire remonter l&rsquo;information&#8230; Pourvu qu&rsquo;elle redescende ! La gare de Langeac quant \u00e0 elle est aux abonn\u00e9s absents. Quand elle r\u00e9pond en insistant la communication se coupe, puis elle d\u00e9croche le combin\u00e9 pour ne pas \u00eatre importun\u00e9e.<br \/>\n&nbsp;<br \/>\nConcr\u00e8tement le voyageur qui se pr\u00e9sente en gare, premier endroit qui est cens\u00e9 d\u00e9tenir la bonne information, se voit pr\u00e9senter une affiche p\u00e9rim\u00e9e de plus de 7 mois qui plus est pr\u00e9sentant des horaires erron\u00e9s.<br \/>\n&nbsp;<br \/>\n<em>Photos prises le dimanche 7 janvier 2018<\/em><\/p>\n<p><img loading=\"lazy\" decoding=\"async\" class=\" aligncenter size-full wp-image-2260\" src=\"http:\/\/5.45.101.177\/haut-allier\/usagers-transportse\/wp-content\/uploads\/2018\/01\/img_20180106_093259.jpg\" alt=\"img_20180106_093259.jpg\" align=\"center\" width=\"600\" height=\"800\" srcset=\"https:\/\/usagers-transports.haut-allier.eu\/wp-content\/uploads\/2018\/01\/img_20180106_093259.jpg 600w, https:\/\/usagers-transports.haut-allier.eu\/wp-content\/uploads\/2018\/01\/img_20180106_093259-225x300.jpg 225w\" sizes=\"auto, (max-width: 600px) 100vw, 600px\" \/><\/p>\n<p><img loading=\"lazy\" decoding=\"async\" class=\" aligncenter size-full wp-image-2261\" src=\"http:\/\/5.45.101.177\/haut-allier\/usagers-transportse\/wp-content\/uploads\/2018\/01\/img_20180106_092253.jpg\" alt=\"img_20180106_092253.jpg\" align=\"center\" width=\"681\" height=\"800\" srcset=\"https:\/\/usagers-transports.haut-allier.eu\/wp-content\/uploads\/2018\/01\/img_20180106_092253.jpg 681w, https:\/\/usagers-transports.haut-allier.eu\/wp-content\/uploads\/2018\/01\/img_20180106_092253-255x300.jpg 255w\" sizes=\"auto, (max-width: 681px) 100vw, 681px\" \/><\/p>\n<p><img loading=\"lazy\" decoding=\"async\" class=\" aligncenter size-full wp-image-2262\" src=\"http:\/\/5.45.101.177\/haut-allier\/usagers-transportse\/wp-content\/uploads\/2018\/01\/img_20180106_092304.jpg\" alt=\"img_20180106_092304.jpg\" align=\"center\" width=\"729\" height=\"800\" srcset=\"https:\/\/usagers-transports.haut-allier.eu\/wp-content\/uploads\/2018\/01\/img_20180106_092304.jpg 729w, https:\/\/usagers-transports.haut-allier.eu\/wp-content\/uploads\/2018\/01\/img_20180106_092304-273x300.jpg 273w\" sizes=\"auto, (max-width: 729px) 100vw, 729px\" \/><br \/>\n&nbsp;<br \/>\nQue penser sinon que le d\u00e9l\u00e9gataire SNCF pour la r\u00e9gion Auvergne Rh\u00f4ne Alpes ne fait pas son boulot ?<br \/>\n&nbsp;<br \/>\n<strong>Le Collectif des usagers des transports du Haut Allier vient d&rsquo;adresser ce jour une lettre de protestation \u00e0 la direction SNCF AURA ainsi qu&rsquo;\u00e0 la vice-pr\u00e9sidente charg\u00e9e des transports au conseil r\u00e9gional. Nous en profitons pour en remettre une couche sur notre demande de plus de 8 ans d&rsquo;un affichage horaire par des panneaux en temps r\u00e9el \u00e0 Alleyras.<\/strong><\/p>\n","protected":false},"excerpt":{"rendered":"<p>Voil\u00e0 plus de 7 mois que les affiches horaires dans les gares de la ligne des C\u00e9vennes ne<\/p>\n","protected":false},"author":1,"featured_media":2259,"comment_status":"open","ping_status":"open","sticky":false,"template":"","format":"standard","meta":{"footnotes":""},"categories":[3],"tags":[],"class_list":["post-423","post","type-post","status-publish","format-standard","has-post-thumbnail","hentry","category-en-train"],"_links":{"self":[{"href":"https:\/\/usagers-transports.haut-allier.eu\/index.php\/wp-json\/wp\/v2\/posts\/423","targetHints":{"allow":["GET"]}}],"collection":[{"href":"https:\/\/usagers-transports.haut-allier.eu\/index.php\/wp-json\/wp\/v2\/posts"}],"about":[{"href":"https:\/\/usagers-transports.haut-allier.eu\/index.php\/wp-json\/wp\/v2\/types\/post"}],"author":[{"embeddable":true,"href":"https:\/\/usagers-transports.haut-allier.eu\/index.php\/wp-json\/wp\/v2\/users\/1"}],"replies":[{"embeddable":true,"href":"https:\/\/usagers-transports.haut-allier.eu\/index.php\/wp-json\/wp\/v2\/comments?post=423"}],"version-history":[{"count":0,"href":"https:\/\/usagers-transports.haut-allier.eu\/index.php\/wp-json\/wp\/v2\/posts\/423\/revisions"}],"wp:featuredmedia":[{"embeddable":true,"href":"https:\/\/usagers-transports.haut-allier.eu\/index.php\/wp-json\/wp\/v2\/media\/2259"}],"wp:attachment":[{"href":"https:\/\/usagers-transports.haut-allier.eu\/index.php\/wp-json\/wp\/v2\/media?parent=423"}],"wp:term":[{"taxonomy":"category","embeddable":true,"href":"https:\/\/usagers-transports.haut-allier.eu\/index.php\/wp-json\/wp\/v2\/categories?post=423"},{"taxonomy":"post_tag","embeddable":true,"href":"https:\/\/usagers-transports.haut-allier.eu\/index.php\/wp-json\/wp\/v2\/tags?post=423"}],"curies":[{"name":"wp","href":"https:\/\/api.w.org\/{rel}","templated":true}]}}