{"id":424,"date":"2018-01-08T19:13:42","date_gmt":"2018-01-08T18:13:42","guid":{"rendered":"http:\/\/5.45.101.177\/haut-allier\/usagers-transportse\/index.php\/2018\/01\/08\/le-communique-du-collectif-apres424\/"},"modified":"2018-01-08T19:13:42","modified_gmt":"2018-01-08T18:13:42","slug":"le-communique-du-collectif-apres424","status":"publish","type":"post","link":"https:\/\/usagers-transports.haut-allier.eu\/index.php\/2018\/01\/08\/le-communique-du-collectif-apres424\/","title":{"rendered":"Le communiqu\u00e9 du Collectif apr\u00e8s la r\u00e9union AURA \/ usagers de d\u00e9cembre 2017"},"content":{"rendered":"<p>Le 20 d\u00e9cembre dernier la r\u00e9gion AURA et Martine Guibert, vice-pr\u00e9sidente d\u00e9l\u00e9gu\u00e9e aux transports souhaitaient rencontrer les usagers. Voir notre <a href=\"http:\/\/usagers-transports.haut-allier.eu\/?auvergne-rhone-alpes-souhaite,418\"><strong>article<\/strong><\/a>.<br \/>\n&nbsp;<br \/>\nN&rsquo;ayant pu nous d\u00e9placer nous avons n\u00e9anmoins distribu\u00e9 \u00e0 la presse le communiqu\u00e9 que voici :<br \/>\n&nbsp;<br \/>\n<a href=\"http:\/\/5.45.101.177\/haut-allier\/usagers-transportse\/wp-content\/uploads\/2018\/01\/communique-presse-mercredi-20-dec-2017-hotel-de-region-clermont-final.pdf\">communique-presse-mercredi-20-dec-2017-hotel-de-region-clermont-final.pdf<\/a><br \/>\n&nbsp;<br \/>\n<img loading=\"lazy\" decoding=\"async\" class=\" aligncenter size-full wp-image-2265\" src=\"http:\/\/5.45.101.177\/haut-allier\/usagers-transportse\/wp-content\/uploads\/2018\/01\/communique-presse-mercredi-20-dec-2017-hotel-de-region-clermont-final-2.jpg\" alt=\"communique-presse-mercredi-20-dec-2017-hotel-de-region-clermont-final-2.jpg\" align=\"center\" width=\"561\" height=\"795\" srcset=\"https:\/\/usagers-transports.haut-allier.eu\/wp-content\/uploads\/2018\/01\/communique-presse-mercredi-20-dec-2017-hotel-de-region-clermont-final-2.jpg 561w, https:\/\/usagers-transports.haut-allier.eu\/wp-content\/uploads\/2018\/01\/communique-presse-mercredi-20-dec-2017-hotel-de-region-clermont-final-2-212x300.jpg 212w\" sizes=\"auto, (max-width: 561px) 100vw, 561px\" \/><br \/>\n&nbsp;<br \/>\nLe texte :<br \/>\n&nbsp;<br \/>\n\u2029<\/p>\n<blockquote><p>\nCollectif des Usagers des Transports du Haut Allier<br \/>\n\u2029&nbsp;<br \/>\nMERCREDI 20 DECEMBRE 2017<br \/>\nREUNION REGION AURA &#8211; MARTINE GUIBERT \/ GROUPES USAGERS<br \/>\n&nbsp;<br \/>\nDECLARATION &#038; COMMUNIQU\u00c9 A LA PRESSE d&rsquo;AUVERGNE<br \/>\n&nbsp;<br \/>\n<strong>\u2029\u2029Pr\u00e9sentation<\/strong><br \/>\n&nbsp;<br \/>\n\u2029Le Collectif des Usagers des Transports du Haut-Allier a \u00e9t\u00e9 cr\u00e9\u00e9 en 2009 pour d\u00e9fendre les usagers du Haut-Allier (Haute-Loire \/ Loz\u00e8re). Contrairement \u00e0 de nombreux groupes il est INDEPENDANT, il n&rsquo;est pas issu de syndicats corporatistes (CGT Cheminots&#8230;), il n&rsquo;est pas issu d&rsquo;un mouvement politique, il n&rsquo;adh\u00e8re pas \u00e0 la FNAUT qui si\u00e8ge au comit\u00e9 directeur de la SNCF, il n&rsquo;adh\u00e8re \u00e0 aucun mouvement. Sa seule et unique pr\u00e9occupation est de d\u00e9fendre les int\u00e9r\u00eats de s usagers. Il nous semble simplement que lorsqu&rsquo;on se donne une mission, on ne peut \u00eatre juge et partie.<br \/>\n&nbsp;<br \/>\n<strong>\u2029Le bilan de ces deux ans de r\u00e9gion AURA<\/strong><br \/>\n&nbsp;\u2029<br \/>\nLa premi\u00e8re r\u00e9union \u00e0 Lyon en janvier de cette ann\u00e9e avait tourn\u00e9 \u00e0 une pr\u00e9sentation monologue, une conf\u00e9rence de presse, autour de ce que voulait faire le pr\u00e9sident en mati\u00e8re de transports, sans laisser la parole aux usagers.<br \/>\n&nbsp;<br \/>\n\u2029Nous tenons absolument lors de celle-ci \u00e0 dresser un bilan de ces premi\u00e8res ann\u00e9es au pouvoir de l&rsquo;\u00e9quipe Wauquiez \u00e0 la r\u00e9gion.<br \/>\n&nbsp;<br \/>\n\u2029Il est catastrophique et nous pesons nos mots pour les transports auvergnats :<br \/>\n&nbsp;<br \/>\n\u2029- L&rsquo;absence et le d\u00e9sint\u00e9r\u00eat pour le train en Auvergne, sur tous les plans, politique, physique, relationnel avec les usagers, de l&rsquo;ancien responsable des transports Patrick Mignola et de son pr\u00e9sident,<br \/>\n\u2029- Et en cons\u00e9quence l&rsquo;inexistence de contraintes exerc\u00e9es par le conseil r\u00e9gional, le l\u00e2cher prise de l&rsquo;autorit\u00e9 organisatrice des trains express r\u00e9gionaux, d&rsquo;abord sur la direction r\u00e9gionale SNCF de Clermont-Ferrand, \u2029ont men\u00e9 \u00e0 ce que cette derni\u00e8re se sente libre d&rsquo;accomplir sans encombres la grande mission d&rsquo;abandon des territoires (trop) ruraux et (trop) difficiles que sa direction technocrate parisienne lui dicte depuis des d\u00e9cennies, que ce soit au niveau des infrastructures, au niveau des gares, au niveau des services aux usagers.<br \/>\n&nbsp;<br \/>\n\u2029En voici les r\u00e9sultats, dans une liste non exhaustive :<br \/>\n\u2029- Fermeture de la ligne Clermont \u2013 La Bourboule &#8211; Le Mont Dore<br \/>\n&#8211; Fermeture de la ligne Clermont &#8211; Thiers \u2013 Bo\u00ebn &#8211; Saint-Etienne<br \/>\n&#8211; Fermeture de la ligne Clermont &#8211; Ussel \u2013 Bordeaux<br \/>\n&#8211; Fermeture de la ligne Ussel &#8211; Montlu\u00e7on<br \/>\n&#8211; Fermeture de la ligne Lyon &#8211; Montlu\u00e7on &#8211; Limoges \u2013 Bordeaux<br \/>\n&#8211; Fermeture de la ligne Montlu\u00e7on &#8211; Moulins<br \/>\n&#8211; Fermeture de la ligne Clermont \u2013 Volvic \u2013 Montlu\u00e7on<br \/>\n&#8211; Fermetures et tentatives de fermeture des gares de Saint-Flour, Langeac, Brassac les Mines<br \/>\n&#8211; Suppression des guichets da ns la plupart des petites gares (ex : Pont de Dore&#8230;)<br \/>\n&#8211; Abandon des Intercit\u00e9s aux r\u00e9gions voisines comme Le C\u00e9venol Clermont-Ferrand N\u00eemes \u00e0 la r\u00e9gion<br \/>\nOccitanie ou l&rsquo;Aubrac Clermont-Ferrand B\u00e9ziers \u00e0 la r\u00e9gion Occitanie<br \/>\n&#8211; Suppression inopin\u00e9e et sans avertissement de TER souvent justifi\u00e9e par des manques de mat\u00e9riel ou de personnel<br \/>\n&#8211; Suppression de TER, rares sur certaines lignes, en plein hiver ( ex : en d\u00e9cembre sur ClermontLangogne)<br \/>\n&#8211; Suppression inopin\u00e9e et sans avertissement d&rsquo;Intercit\u00e9s (M\u00eame ligne)<br \/>\n&#8211; Utilisation massive d&rsquo;autocar s de substitution m\u00eame en plein hiver sur les ro utes verglac\u00e9es avec les cons\u00e9quences que l&rsquo;on conna\u00eet : deux accidents dramatiques cette ann\u00e9e \u00e0 Tauves (63) et Marcenat (15).<br \/>\n&#8211; Transformation en cons\u00e9quence de gares ferroviaires en gares routi\u00e8res<br \/>\n&#8211; Non substitution pour certaines gares par un autre moyen de transport en cas de suppression de train (absence de TAD notamment)<br \/>\n&#8211; Affichage d&rsquo;horaires inexacts dans les gares et haltes<br \/>\n&#8211; Arr\u00eats sur demande au bon vouloir du conducteur de train, m\u00eame de certains Intercit\u00e9s<br \/>\n&#8211; Non r\u00e9ponse aux courriers des groupes d&rsquo;usagers<br \/>\n<\/quote><br \/>\n<quote><br \/>\n<strong>\u2029\u2029Le train en Auvergne ce n&rsquo;est pas que la ligne Le Puy Saint-Etienne<\/strong><br \/>\n&nbsp;<\/p>\n<p>\u2029Nous lisons tr\u00e8s r\u00e9cemment avec \u00e9tonnement dans les m\u00e9dias que Monsieur Wauquiez veut sauver les lignes d&rsquo;Auvergne. C&rsquo;est tout \u00e0 son honneur, mais ce que nous pouvons lui susurrer c&rsquo;est que la seule ligne sur laquelle il a port\u00e9 son attention durant ces deux ans, la ligne presque cul de sac Le Puy en Velay \u2013 Saint-Etienne, p\u00e9nalise plut\u00f4t le massif central puisque ses usagers vont surtout travailler dans le bassin st\u00e9phanois et \u00e0 Lyon. On joue l\u00e0 plut\u00f4t le film Au revoir l&rsquo;Auvergne !<br \/>\n&nbsp;<br \/>\n<strong>\u2029Nous demandons donc \u00e0 Madame Guibert nouvelle responsable transports \u00e0 la r\u00e9gion, <\/strong><br \/>\n\u2029- avec la r\u00e9ouverture en urgence des lignes cit\u00e9es plus haut,<br \/>\n&#8211; avec une meilleure adaptation des horaires et des arr\u00eats pour les usagers,<br \/>\n&#8211; avec la n\u00e9cessit\u00e9 d&rsquo;ajouter de nouveaux trains sur certaines lignes \u00e0 faible trafic,<br \/>\n&#8211; avec la r\u00e9ouverture des gares et leur meilleure adaptation aux nouveaux besoins,<br \/>\n&#8211; avec une meilleure information horaire dans toutes les gares auvergnates,<br \/>\n&#8211; avec l&rsquo;arr\u00eat des substitutions par bus en hiver<br \/>\n&#8211; avec le d\u00e9placement des travaux de nuit, pour \u00e9v iter les coupures de services<br \/>\n&#8211; avec une \u00e9tude de correspondances adapt\u00e9es avec les autres r\u00e9seaux, autocars, trams&#8230;<br \/>\n&#8211; avec une politique de promotion volontariste du transport ferroviaire en Auvergne<br \/>\n&#8211; avec des tarifs adapt\u00e9s et pourquoi pas la quasi gratuit\u00e9 des trajets<br \/>\n&#8211; avec la mise aux normes des gares et haltes de la r\u00e9gion pour tous les usagers<br \/>\n&#8211; avec l&rsquo;indemnisation des usagers pour les retards et annulations de trains<\/p>\n<p>&nbsp;<br \/>\n&nbsp;<br \/>\n<strong>\u2029&#8230;l&rsquo;ouverture, la r\u00e9ouverture et l&rsquo;\u00e9tude de nouveaux trajets ferroviaires adapt\u00e9s aux nouveaux besoins.<\/strong> Par exemple :<\/p>\n<p>\u2029- Vichy \u2013 Pont de Dore \u2013 Ambert \u2013 La Chaise Dieu &#8211; Dorsac \u2013 Le Puy en Velay<br \/>\n&#8211; Ussel \u2013 Bort les Orgues &#8211; Aurillac<br \/>\n&#8211; Le Puy en Velay &#8211; Costaros \u2013 Langogne<\/p>\n<p>&nbsp;<\/p>\n<p>\u2029<em>Le Porte-Parole :<br \/>\nMarc Gouttebroze<\/em><\/p>\n<\/blockquote>\n<p>&nbsp;<br \/>\n<strong> <em>Dans les m\u00e9dias :<\/em> <\/strong><\/p>\n<p>&#8211; Midi Libre du 7 janvier 2018 : <a href=\"http:\/\/www.midilibre.fr\/2018\/01\/07\/lozere-inquietudes-pour-les-trains,1610665.php\"><strong>Loz\u00e8re &#8211; Inqui\u00e9tudes pour les trains<\/strong><\/a><br \/>\n&nbsp;<br \/>\n<img loading=\"lazy\" decoding=\"async\" class=\" aligncenter size-full wp-image-2266\" src=\"http:\/\/5.45.101.177\/haut-allier\/usagers-transportse\/wp-content\/uploads\/2018\/01\/lozere_inquietudes_pour_les_trains_2018-01-08_18-22-34-800.jpg\" alt=\"lozere_inquietudes_pour_les_trains_2018-01-08_18-22-34-800.jpg\" align=\"center\" width=\"353\" height=\"800\" srcset=\"https:\/\/usagers-transports.haut-allier.eu\/wp-content\/uploads\/2018\/01\/lozere_inquietudes_pour_les_trains_2018-01-08_18-22-34-800.jpg 353w, https:\/\/usagers-transports.haut-allier.eu\/wp-content\/uploads\/2018\/01\/lozere_inquietudes_pour_les_trains_2018-01-08_18-22-34-800-132x300.jpg 132w\" sizes=\"auto, (max-width: 353px) 100vw, 353px\" \/><\/p>\n","protected":false},"excerpt":{"rendered":"<p>Le 20 d\u00e9cembre dernier la r\u00e9gion AURA et Martine Guibert, vice-pr\u00e9sidente d\u00e9l\u00e9gu\u00e9e aux transports souhaitaient rencontrer les usagers.<\/p>\n","protected":false},"author":1,"featured_media":2263,"comment_status":"closed","ping_status":"open","sticky":false,"template":"","format":"standard","meta":{"footnotes":""},"categories":[3],"tags":[],"class_list":["post-424","post","type-post","status-publish","format-standard","has-post-thumbnail","hentry","category-en-train"],"_links":{"self":[{"href":"https:\/\/usagers-transports.haut-allier.eu\/index.php\/wp-json\/wp\/v2\/posts\/424","targetHints":{"allow":["GET"]}}],"collection":[{"href":"https:\/\/usagers-transports.haut-allier.eu\/index.php\/wp-json\/wp\/v2\/posts"}],"about":[{"href":"https:\/\/usagers-transports.haut-allier.eu\/index.php\/wp-json\/wp\/v2\/types\/post"}],"author":[{"embeddable":true,"href":"https:\/\/usagers-transports.haut-allier.eu\/index.php\/wp-json\/wp\/v2\/users\/1"}],"replies":[{"embeddable":true,"href":"https:\/\/usagers-transports.haut-allier.eu\/index.php\/wp-json\/wp\/v2\/comments?post=424"}],"version-history":[{"count":0,"href":"https:\/\/usagers-transports.haut-allier.eu\/index.php\/wp-json\/wp\/v2\/posts\/424\/revisions"}],"wp:featuredmedia":[{"embeddable":true,"href":"https:\/\/usagers-transports.haut-allier.eu\/index.php\/wp-json\/wp\/v2\/media\/2263"}],"wp:attachment":[{"href":"https:\/\/usagers-transports.haut-allier.eu\/index.php\/wp-json\/wp\/v2\/media?parent=424"}],"wp:term":[{"taxonomy":"category","embeddable":true,"href":"https:\/\/usagers-transports.haut-allier.eu\/index.php\/wp-json\/wp\/v2\/categories?post=424"},{"taxonomy":"post_tag","embeddable":true,"href":"https:\/\/usagers-transports.haut-allier.eu\/index.php\/wp-json\/wp\/v2\/tags?post=424"}],"curies":[{"name":"wp","href":"https:\/\/api.w.org\/{rel}","templated":true}]}}