{"id":425,"date":"2018-01-10T09:54:34","date_gmt":"2018-01-10T08:54:34","guid":{"rendered":"http:\/\/5.45.101.177\/haut-allier\/usagers-transportse\/index.php\/2018\/01\/10\/en-rade-dans-une-gare-sncf-de425\/"},"modified":"2018-01-10T09:54:34","modified_gmt":"2018-01-10T08:54:34","slug":"en-rade-dans-une-gare-sncf-de425","status":"publish","type":"post","link":"https:\/\/usagers-transports.haut-allier.eu\/index.php\/2018\/01\/10\/en-rade-dans-une-gare-sncf-de425\/","title":{"rendered":"En rade dans une gare SNCF de Haute-Loire ou de Loz\u00e8re ? Comment s&rsquo;informer"},"content":{"rendered":"<p>Votre train n&rsquo;arrive pas et vous vous questionnez en l&rsquo;absence de toute information affich\u00e9e. Plusieurs r\u00e9flexes \u00e0 avoir :<br \/>\n&nbsp;<\/p>\n<p>&#8211; Si vous \u00eates dans une gare ou une halte d\u00e9pourvue de panneau d&rsquo;affichage en temps r\u00e9el et de personnel SNCF, dirigez vous vers le <strong>combin\u00e9 t\u00e9l\u00e9phonique de secours situ\u00e9 sur le quai<\/strong>. Attention il est des fois bien cach\u00e9 et tout vermoulu, n&rsquo;ayez pas peur. Vous aurez quand m\u00eame l&rsquo;assurance d&rsquo;avoir quelqu&rsquo;un au bout du fil apr\u00e8s avoir tourn\u00e9 la manivelle avec \u00e9nergie (v\u00e9ridique).<\/p>\n<p>&nbsp;<br \/>\n<em>En vl\u00e0 un qu&rsquo;est bien pourri de t\u00e9l\u00e9phone de secours&#8230;<\/em><br \/>\n<img loading=\"lazy\" decoding=\"async\" class=\" aligncenter size-full wp-image-2268\" src=\"http:\/\/5.45.101.177\/haut-allier\/usagers-transportse\/wp-content\/uploads\/2018\/01\/090120142363-2.jpg\" alt=\"090120142363-2.jpg\" align=\"center\" width=\"800\" height=\"600\" srcset=\"https:\/\/usagers-transports.haut-allier.eu\/wp-content\/uploads\/2018\/01\/090120142363-2.jpg 800w, https:\/\/usagers-transports.haut-allier.eu\/wp-content\/uploads\/2018\/01\/090120142363-2-300x225.jpg 300w, https:\/\/usagers-transports.haut-allier.eu\/wp-content\/uploads\/2018\/01\/090120142363-2-768x576.jpg 768w\" sizes=\"auto, (max-width: 800px) 100vw, 800px\" \/><br \/>\n&nbsp;<\/p>\n<p>&#8211; Si vous \u00eates dans le m\u00eame cas que ci-dessus ou dans une gare o\u00f9 l&rsquo;affichage en temps r\u00e9el n&rsquo;indique rien d&rsquo;anormal, il faut alors se d\u00e9brouiller par ses propres moyens avec son t\u00e9l\u00e9phone dans le cas o\u00f9 \u00e9videmment la gare ou halte est couverte par le r\u00e9seau de votre abonnement, par cons\u00e9quent ni \u00e0 Chapeauroux, ni \u00e0 Alleyras par exemple.<br \/>\n&nbsp;<br \/>\nDans ce dernier cas on pourra :<br \/>\n&nbsp;<\/p>\n<p>&#8211; <strong>t\u00e9l\u00e9phoner du lundi au vendredi de 7h00 \u00e0 19h00<\/strong> au num\u00e9ro gratuit 09 69 32 21 41 contact TER Auvergne Rh\u00f4ne Alpes ou au 0800 313131 contact TER Occitanie.<br \/>\n&nbsp;<\/p>\n<p>&#8211; ouvrir un navigateur sur son smartphone et dans Google taper le \u00ab\u00a0nom de votre gare\u00a0\u00bb et \u00ab\u00a0gare\u00a0\u00bb. Attention Google indique aussi directement les horaires de d\u00e9parts, ne pas en tenir compte, ils sont la plupart du temps inexacts. Mais un choix en dessous vous sera propos\u00e9, vers le <strong>site SNCF TER<\/strong>. Cliquez et vous aurez les <strong>d\u00e9parts et arriv\u00e9es des trains en temps r\u00e9el dans votre gare<\/strong> avec les retards et annulations \u00e9ventuelles. C&rsquo;est la m\u00e9thode la plus fiable actuellement.<br \/>\n&nbsp;<\/p>\n<p><img loading=\"lazy\" decoding=\"async\" class=\" aligncenter size-full wp-image-2269\" src=\"http:\/\/5.45.101.177\/haut-allier\/usagers-transportse\/wp-content\/uploads\/2018\/01\/recherche.jpg\" alt=\"recherche.jpg\" align=\"center\" width=\"424\" height=\"67\" srcset=\"https:\/\/usagers-transports.haut-allier.eu\/wp-content\/uploads\/2018\/01\/recherche.jpg 424w, https:\/\/usagers-transports.haut-allier.eu\/wp-content\/uploads\/2018\/01\/recherche-300x47.jpg 300w\" sizes=\"auto, (max-width: 424px) 100vw, 424px\" \/><br \/>\n<img loading=\"lazy\" decoding=\"async\" class=\" aligncenter size-full wp-image-2270\" src=\"http:\/\/5.45.101.177\/haut-allier\/usagers-transportse\/wp-content\/uploads\/2018\/01\/recherche2.jpg\" alt=\"recherche2.jpg\" align=\"center\" width=\"337\" height=\"428\" srcset=\"https:\/\/usagers-transports.haut-allier.eu\/wp-content\/uploads\/2018\/01\/recherche2.jpg 337w, https:\/\/usagers-transports.haut-allier.eu\/wp-content\/uploads\/2018\/01\/recherche2-236x300.jpg 236w\" sizes=\"auto, (max-width: 337px) 100vw, 337px\" \/><br \/>\n&nbsp;<\/p>\n<p>&#8211; si on peut, <strong>on \u00e9vitera l&rsquo;appli SNCF nationale<\/strong>, une v\u00e9ritable bouse qui oblige \u00e0 t\u00e9l\u00e9charger une nouvelle version tous les quinze jours, toujours plus grosse consommatrice de m\u00e9moire et par cons\u00e9quent le risque est grand de se trouver coinc\u00e9 parce que son smartphone n&rsquo;a plus assez d&rsquo;espace m\u00e9moire (v\u00e9cu).<br \/>\n&nbsp;<\/p>\n<p>&#8211; ou alors, grande nouveaut\u00e9 \u00e0 la SNCF pour les adeptes de Twitter, <strong>de 6h \u00e0 20h du lundi au vendredi<\/strong>, chercher encore plus la difficult\u00e9 en allant sur son application de tweets favorite, et en s&rsquo;abonnant au <strong>nouveau fil Twitter r\u00e9gional TER Occitanie @TER_Occitanie ou pour Auvergne Rh\u00f4ne Alpes au fil @SNCFTERAURA <\/strong> , deux fils soit-disant aliment\u00e9s par des agents \u00ab\u00a0au plus proche du local\u00a0\u00bb. Attention pour la SNCF \u00ab\u00a0le plus proche du local\u00a0\u00bb c&rsquo;est les bureaux de la direction r\u00e9gionale SNCF de Toulouse et sa succursale de Montpellier, ou bien Lyon et sa succursale de Clermont. Donc extr\u00eame m\u00e9fiance car l&rsquo;info doit remonter puis redescendre&#8230; Vous pouvez n\u00e9anmoins si vous ne craignez pas d&rsquo;\u00eatre inond\u00e9 par les messages de publicit\u00e9 de la SNCF et ceux des autres usagers \u00e9nerv\u00e9s, poser une question avec l&rsquo;espoir d&rsquo;avoir une r\u00e9ponse cens\u00e9e, ce qui reste \u00e0 v\u00e9rifier. Les premiers tests en Occitanie ne semblent pas tr\u00e8s probants.<br \/>\n&nbsp;<\/p>\n<p><img loading=\"lazy\" decoding=\"async\" class=\" aligncenter size-full wp-image-2271\" src=\"http:\/\/5.45.101.177\/haut-allier\/usagers-transportse\/wp-content\/uploads\/2018\/01\/joxi_screenshot_1515572008428.png\" alt=\"joxi_screenshot_1515572008428.png\" align=\"center\" width=\"273\" height=\"280\" \/><br \/>\n<img loading=\"lazy\" decoding=\"async\" class=\" aligncenter size-full wp-image-2272\" src=\"http:\/\/5.45.101.177\/haut-allier\/usagers-transportse\/wp-content\/uploads\/2018\/01\/joxi_screenshot_1515571866516.png\" alt=\"joxi_screenshot_1515571866516.png\" align=\"center\" width=\"256\" height=\"264\" \/><br \/>\n&nbsp;<\/p>\n<p><em>Attendez vous aussi \u00e0 avoir des r\u00e9ponses de ce style mais aussi de vraies infos :<\/em><br \/>\n<img loading=\"lazy\" decoding=\"async\" class=\" aligncenter size-full wp-image-2273\" src=\"http:\/\/5.45.101.177\/haut-allier\/usagers-transportse\/wp-content\/uploads\/2018\/01\/joxi_screenshot_1515573353355.png\" alt=\"joxi_screenshot_1515573353355.png\" align=\"center\" width=\"574\" height=\"142\" srcset=\"https:\/\/usagers-transports.haut-allier.eu\/wp-content\/uploads\/2018\/01\/joxi_screenshot_1515573353355.png 574w, https:\/\/usagers-transports.haut-allier.eu\/wp-content\/uploads\/2018\/01\/joxi_screenshot_1515573353355-300x74.png 300w\" sizes=\"auto, (max-width: 574px) 100vw, 574px\" \/><br \/>\n&nbsp;<\/p>\n<p><strong>Et si vous \u00eates en rade le week-end et au del\u00e0 de 20 heures ? Et bien d\u00e9brouillez vous autrement. Vous n&rsquo;allez tout de m\u00eame pas d\u00e9ranger ces <s>fonctionnaires<\/s> agents en dehors des heures douillettes de bureau ? Et puis le week-end vous n&rsquo;avez qu&rsquo;\u00e0 RESTER CHEZ VOUS. <\/strong> <\/p>\n","protected":false},"excerpt":{"rendered":"<p>Votre train n&rsquo;arrive pas et vous vous questionnez en l&rsquo;absence de toute information affich\u00e9e. Plusieurs r\u00e9flexes \u00e0 avoir<\/p>\n","protected":false},"author":1,"featured_media":2267,"comment_status":"open","ping_status":"open","sticky":false,"template":"","format":"standard","meta":{"footnotes":""},"categories":[3],"tags":[],"class_list":["post-425","post","type-post","status-publish","format-standard","has-post-thumbnail","hentry","category-en-train"],"_links":{"self":[{"href":"https:\/\/usagers-transports.haut-allier.eu\/index.php\/wp-json\/wp\/v2\/posts\/425","targetHints":{"allow":["GET"]}}],"collection":[{"href":"https:\/\/usagers-transports.haut-allier.eu\/index.php\/wp-json\/wp\/v2\/posts"}],"about":[{"href":"https:\/\/usagers-transports.haut-allier.eu\/index.php\/wp-json\/wp\/v2\/types\/post"}],"author":[{"embeddable":true,"href":"https:\/\/usagers-transports.haut-allier.eu\/index.php\/wp-json\/wp\/v2\/users\/1"}],"replies":[{"embeddable":true,"href":"https:\/\/usagers-transports.haut-allier.eu\/index.php\/wp-json\/wp\/v2\/comments?post=425"}],"version-history":[{"count":0,"href":"https:\/\/usagers-transports.haut-allier.eu\/index.php\/wp-json\/wp\/v2\/posts\/425\/revisions"}],"wp:featuredmedia":[{"embeddable":true,"href":"https:\/\/usagers-transports.haut-allier.eu\/index.php\/wp-json\/wp\/v2\/media\/2267"}],"wp:attachment":[{"href":"https:\/\/usagers-transports.haut-allier.eu\/index.php\/wp-json\/wp\/v2\/media?parent=425"}],"wp:term":[{"taxonomy":"category","embeddable":true,"href":"https:\/\/usagers-transports.haut-allier.eu\/index.php\/wp-json\/wp\/v2\/categories?post=425"},{"taxonomy":"post_tag","embeddable":true,"href":"https:\/\/usagers-transports.haut-allier.eu\/index.php\/wp-json\/wp\/v2\/tags?post=425"}],"curies":[{"name":"wp","href":"https:\/\/api.w.org\/{rel}","templated":true}]}}