{"id":426,"date":"2018-01-10T10:27:33","date_gmt":"2018-01-10T09:27:33","guid":{"rendered":"http:\/\/5.45.101.177\/haut-allier\/usagers-transportse\/index.php\/2018\/01\/10\/le-train-cevenol-enfin-programme426\/"},"modified":"2018-01-10T10:27:33","modified_gmt":"2018-01-10T09:27:33","slug":"le-train-cevenol-enfin-programme426","status":"publish","type":"post","link":"https:\/\/usagers-transports.haut-allier.eu\/index.php\/2018\/01\/10\/le-train-cevenol-enfin-programme426\/","title":{"rendered":"Le train C\u00e9venol enfin programm\u00e9 pour s&rsquo;arr\u00eater toute l&rsquo;ann\u00e9e \u00e0 Alleyras"},"content":{"rendered":"<p>Apr\u00e8s de multiples p\u00e9rip\u00e9ties, la volont\u00e9 de la R\u00e9gion Occitanie a \u00e9t\u00e9 mise en place par la SNCF: \u00e0 notre demande l&rsquo;ex train Intercit\u00e9s Le C\u00e9venol s&rsquo;arr\u00eate enfin toute l&rsquo;ann\u00e9e \u00e0 Alleyras.<br \/>\n&nbsp;<br \/>\nNous attendions une r\u00e9ponse officielle de la R\u00e9gion Occitanie d\u00e9sormais autorit\u00e9 organisatrice de ce train sur tout son parcours entre Clermont et N\u00eemes. Jean-Luc Gibelin son d\u00e9l\u00e9gu\u00e9 transports nous avait averti qu&rsquo;elle allait \u00eatre faite ces jours-ci. La voil\u00e0 : les sites de r\u00e9servation, d&rsquo;achats de billets et d&rsquo;horaires SNCF se mettent enfin \u00e0 jour aujourd&rsquo;hui.<br \/>\n&nbsp;<br \/>\n<em>Il est d\u00e9sormais appel\u00e9 TER par la SNCF, ici c&rsquo;est celui de 14h58 <\/em><br \/>\n<img loading=\"lazy\" decoding=\"async\" class=\" aligncenter size-full wp-image-2275\" src=\"http:\/\/5.45.101.177\/haut-allier\/usagers-transportse\/wp-content\/uploads\/2018\/01\/joxi_screenshot_1515575092307.png\" alt=\"joxi_screenshot_1515575092307.png\" align=\"center\" width=\"454\" height=\"465\" srcset=\"https:\/\/usagers-transports.haut-allier.eu\/wp-content\/uploads\/2018\/01\/joxi_screenshot_1515575092307.png 454w, https:\/\/usagers-transports.haut-allier.eu\/wp-content\/uploads\/2018\/01\/joxi_screenshot_1515575092307-293x300.png 293w\" sizes=\"auto, (max-width: 454px) 100vw, 454px\" \/><br \/>\n&nbsp;<br \/>\n<em>Et sur le site TER, pour l&rsquo;autre sens l\u00e0 il s&rsquo;agit du 17h04&#8230;<\/em><br \/>\n<img loading=\"lazy\" decoding=\"async\" class=\" aligncenter size-full wp-image-2276\" src=\"http:\/\/5.45.101.177\/haut-allier\/usagers-transportse\/wp-content\/uploads\/2018\/01\/joxi_screenshot_1515575972071.png\" alt=\"joxi_screenshot_1515575972071.png\" align=\"center\" width=\"722\" height=\"259\" srcset=\"https:\/\/usagers-transports.haut-allier.eu\/wp-content\/uploads\/2018\/01\/joxi_screenshot_1515575972071.png 722w, https:\/\/usagers-transports.haut-allier.eu\/wp-content\/uploads\/2018\/01\/joxi_screenshot_1515575972071-300x108.png 300w\" sizes=\"auto, (max-width: 722px) 100vw, 722px\" \/><br \/>\n&nbsp;<br \/>\nNous savions que les arr\u00eats du C\u00e9venol \u00e0 Alleyras \u00e9taient acquis, en tous cas sur les fiches internes de circulation SNCF (pour les conducteurs) mais les arr\u00eats n&rsquo;apparaissaient sur aucun des sites d&rsquo;achats de billets ni sur <a href=\" https:\/\/www.oui.sncf\">www.oui.sncf <\/a> ni sur les sites TER qui peuvent d\u00e9sormais aussi vendre des billets en ligne. C&rsquo;est rectifi\u00e9.<br \/>\n&nbsp;<br \/>\n<strong>C&rsquo;est une tr\u00e8s bonne nouvelle. Nous remercions \u00e0 la fois la direction Intercit\u00e9s et la r\u00e9gion Occitanie d&rsquo;avoir r\u00e9pondu favorablement \u00e0 notre demande. Ce n&rsquo;est que de cette fa\u00e7on qu&rsquo;on calmera un peu la d\u00e9sertification rurale dans le haut Allier.<\/strong><br \/>\n&nbsp;<\/p>\n<p><em>En f\u00e9vrier&#8230;<\/em><br \/>\n<img loading=\"lazy\" decoding=\"async\" class=\" aligncenter size-full wp-image-2277\" src=\"http:\/\/5.45.101.177\/haut-allier\/usagers-transportse\/wp-content\/uploads\/2018\/01\/joxi_screenshot_1515575330701.png\" alt=\"joxi_screenshot_1515575330701.png\" align=\"center\" width=\"669\" height=\"324\" srcset=\"https:\/\/usagers-transports.haut-allier.eu\/wp-content\/uploads\/2018\/01\/joxi_screenshot_1515575330701.png 669w, https:\/\/usagers-transports.haut-allier.eu\/wp-content\/uploads\/2018\/01\/joxi_screenshot_1515575330701-300x145.png 300w\" sizes=\"auto, (max-width: 669px) 100vw, 669px\" \/><br \/>\n&nbsp;<br \/>\n<em>Dans l&rsquo;autre sens&#8230;<\/em><br \/>\n<img loading=\"lazy\" decoding=\"async\" class=\" aligncenter size-full wp-image-2278\" src=\"http:\/\/5.45.101.177\/haut-allier\/usagers-transportse\/wp-content\/uploads\/2018\/01\/joxi_screenshot_1515575508328.png\" alt=\"joxi_screenshot_1515575508328.png\" align=\"center\" width=\"640\" height=\"341\" srcset=\"https:\/\/usagers-transports.haut-allier.eu\/wp-content\/uploads\/2018\/01\/joxi_screenshot_1515575508328.png 640w, https:\/\/usagers-transports.haut-allier.eu\/wp-content\/uploads\/2018\/01\/joxi_screenshot_1515575508328-300x160.png 300w\" sizes=\"auto, (max-width: 640px) 100vw, 640px\" \/><br \/>\n&nbsp;<br \/>\nOn attend maintenant les nouvelles rames Alsthom Corodia Liner promises pour cette fin d&rsquo;ann\u00e9e.<br \/>\n&nbsp;<\/p>\n","protected":false},"excerpt":{"rendered":"<p>Apr\u00e8s de multiples p\u00e9rip\u00e9ties, la volont\u00e9 de la R\u00e9gion Occitanie a \u00e9t\u00e9 mise en place par la SNCF:<\/p>\n","protected":false},"author":1,"featured_media":2274,"comment_status":"closed","ping_status":"open","sticky":false,"template":"","format":"standard","meta":{"footnotes":""},"categories":[3],"tags":[],"class_list":["post-426","post","type-post","status-publish","format-standard","has-post-thumbnail","hentry","category-en-train"],"_links":{"self":[{"href":"https:\/\/usagers-transports.haut-allier.eu\/index.php\/wp-json\/wp\/v2\/posts\/426","targetHints":{"allow":["GET"]}}],"collection":[{"href":"https:\/\/usagers-transports.haut-allier.eu\/index.php\/wp-json\/wp\/v2\/posts"}],"about":[{"href":"https:\/\/usagers-transports.haut-allier.eu\/index.php\/wp-json\/wp\/v2\/types\/post"}],"author":[{"embeddable":true,"href":"https:\/\/usagers-transports.haut-allier.eu\/index.php\/wp-json\/wp\/v2\/users\/1"}],"replies":[{"embeddable":true,"href":"https:\/\/usagers-transports.haut-allier.eu\/index.php\/wp-json\/wp\/v2\/comments?post=426"}],"version-history":[{"count":0,"href":"https:\/\/usagers-transports.haut-allier.eu\/index.php\/wp-json\/wp\/v2\/posts\/426\/revisions"}],"wp:featuredmedia":[{"embeddable":true,"href":"https:\/\/usagers-transports.haut-allier.eu\/index.php\/wp-json\/wp\/v2\/media\/2274"}],"wp:attachment":[{"href":"https:\/\/usagers-transports.haut-allier.eu\/index.php\/wp-json\/wp\/v2\/media?parent=426"}],"wp:term":[{"taxonomy":"category","embeddable":true,"href":"https:\/\/usagers-transports.haut-allier.eu\/index.php\/wp-json\/wp\/v2\/categories?post=426"},{"taxonomy":"post_tag","embeddable":true,"href":"https:\/\/usagers-transports.haut-allier.eu\/index.php\/wp-json\/wp\/v2\/tags?post=426"}],"curies":[{"name":"wp","href":"https:\/\/api.w.org\/{rel}","templated":true}]}}