{"id":427,"date":"2018-01-17T20:57:10","date_gmt":"2018-01-17T19:57:10","guid":{"rendered":"http:\/\/5.45.101.177\/haut-allier\/usagers-transportse\/index.php\/2018\/01\/17\/la-fiche-des-horaires-sncf427\/"},"modified":"2018-01-17T20:57:10","modified_gmt":"2018-01-17T19:57:10","slug":"la-fiche-des-horaires-sncf427","status":"publish","type":"post","link":"https:\/\/usagers-transports.haut-allier.eu\/index.php\/2018\/01\/17\/la-fiche-des-horaires-sncf427\/","title":{"rendered":"La fiche des horaires SNCF Clermont-Ferrand N\u00eemes 2017\/2018 enfin publi\u00e9e"},"content":{"rendered":"<p>Ce 17 janvier est un grand jour : SNCF vient enfin de publier la fiche horaire exacte du 10 d\u00e9cembre 2017 au 7 juillet 2018 pour la ligne ferroviaire Clermont-Ferrand N\u00eemes. Elles comporte les arr\u00eats \u00e0 Alleyras.<br \/>\n&nbsp;<br \/>\n<a href=\"http:\/\/5.45.101.177\/haut-allier\/usagers-transportse\/wp-content\/uploads\/2018\/01\/i08_h18_i_v_du_09_janvier_tcm72-108874_tcm72-108873.pdf\">i08_h18_i_v_du_09_janvier_tcm72-108874_tcm72-108873.pdf<\/a><br \/>\n&nbsp;<br \/>\nEsp\u00e9rons cette fois que l&rsquo;affiche horaire qui en d\u00e9coule sera rapidement dispos\u00e9e dans les gares et haltes de la ligne.<br \/>\n&nbsp;<br \/>\nVoici aussi la fiche des travaux entre Al\u00e8s et N\u00eemes pr\u00e9vus sur la ligne du 12 f\u00e9vrier au 2 mars prochain. Les trains circulent normalement sauf le train Clermont Fd (06h47) \u2013 N\u00eemes  (11h51) qui est supprim\u00e9 de Al\u00e8s \u00e0 N\u00eemes et remplac\u00e9 par un car.<br \/>\n&nbsp;<br \/>\n<a href=\"http:\/\/5.45.101.177\/haut-allier\/usagers-transportse\/wp-content\/uploads\/2018\/01\/08_-_cle-ni_12-02_au_02-03_v100118_tcm72-116299_tcm72-139168.pdf\">08_-_cle-ni_12-02_au_02-03_v100118_tcm72-116299_tcm72-139168.pdf<\/a><\/p>\n","protected":false},"excerpt":{"rendered":"<p>Ce 17 janvier est un grand jour : SNCF vient enfin de publier la fiche horaire exacte du<\/p>\n","protected":false},"author":1,"featured_media":2279,"comment_status":"closed","ping_status":"open","sticky":false,"template":"","format":"standard","meta":{"footnotes":""},"categories":[3],"tags":[],"class_list":["post-427","post","type-post","status-publish","format-standard","has-post-thumbnail","hentry","category-en-train"],"_links":{"self":[{"href":"https:\/\/usagers-transports.haut-allier.eu\/index.php\/wp-json\/wp\/v2\/posts\/427","targetHints":{"allow":["GET"]}}],"collection":[{"href":"https:\/\/usagers-transports.haut-allier.eu\/index.php\/wp-json\/wp\/v2\/posts"}],"about":[{"href":"https:\/\/usagers-transports.haut-allier.eu\/index.php\/wp-json\/wp\/v2\/types\/post"}],"author":[{"embeddable":true,"href":"https:\/\/usagers-transports.haut-allier.eu\/index.php\/wp-json\/wp\/v2\/users\/1"}],"replies":[{"embeddable":true,"href":"https:\/\/usagers-transports.haut-allier.eu\/index.php\/wp-json\/wp\/v2\/comments?post=427"}],"version-history":[{"count":0,"href":"https:\/\/usagers-transports.haut-allier.eu\/index.php\/wp-json\/wp\/v2\/posts\/427\/revisions"}],"wp:featuredmedia":[{"embeddable":true,"href":"https:\/\/usagers-transports.haut-allier.eu\/index.php\/wp-json\/wp\/v2\/media\/2279"}],"wp:attachment":[{"href":"https:\/\/usagers-transports.haut-allier.eu\/index.php\/wp-json\/wp\/v2\/media?parent=427"}],"wp:term":[{"taxonomy":"category","embeddable":true,"href":"https:\/\/usagers-transports.haut-allier.eu\/index.php\/wp-json\/wp\/v2\/categories?post=427"},{"taxonomy":"post_tag","embeddable":true,"href":"https:\/\/usagers-transports.haut-allier.eu\/index.php\/wp-json\/wp\/v2\/tags?post=427"}],"curies":[{"name":"wp","href":"https:\/\/api.w.org\/{rel}","templated":true}]}}