{"id":428,"date":"2018-01-23T07:59:00","date_gmt":"2018-01-23T06:59:00","guid":{"rendered":"http:\/\/5.45.101.177\/haut-allier\/usagers-transportse\/index.php\/2018\/01\/23\/capdenac-gare-manif-pour-defendre428\/"},"modified":"2018-01-23T07:59:00","modified_gmt":"2018-01-23T06:59:00","slug":"capdenac-gare-manif-pour-defendre428","status":"publish","type":"post","link":"https:\/\/usagers-transports.haut-allier.eu\/index.php\/2018\/01\/23\/capdenac-gare-manif-pour-defendre428\/","title":{"rendered":"Capdenac Gare : manif pour d\u00e9fendre le train de nuit Rodez-Paris"},"content":{"rendered":"<p>Le <a href=\"https:\/\/france3-regions.francetvinfo.fr\/occitanie\/aveyron\/rodez\/manifestation-capdenac-gare-defense-du-train-nuit-rodez-paris-1405051.html\"><strong>compte-rendu<\/strong><\/a> de France 3 Quercy Rouergue :<br \/>\n&nbsp;<\/p>\n<p>A Capdenac Gare dans l\u2019Aveyron, ils \u00e9taient pr\u00e8s de 300 manifestants rassembl\u00e9s samedi matin pour d\u00e9fendre le train de nuit Rodez-Paris. Une ligne s\u00e9rieusement menac\u00e9e depuis 2016 et pourtant vitale pour ce territoire rural.<br \/>\n&nbsp;<br \/>\nA d\u00e9faut de voyages, un coup de gueule collectif en gare de Capdenac. Samedi matin, ils \u00e9taient pr\u00e8s de 300 rassembl\u00e9s sur le quai. Elus, cheminots, usagers, tous d\u00e9noncent les menaces qui p\u00e8sent sur la seule ligne en direction de Paris. Un train de nuit quotidien, cher aux habitants, devenu depuis novembre un tain occasionnel r\u00e9serv\u00e9 aux week-ends.<br \/>\n&nbsp;<br \/>\n\u00ab\u00a0Ce train, nous on le veut tous les jours. Il est primordial pour se rendre \u00e0 Paris, c\u2019est le seul train direct. Voil\u00e0, on continuera \u00e0 se battre jusqu\u2019au bout pour que le train persiste.\u00a0\u00bb<br \/>\n&nbsp;<br \/>\n\u00ab\u00a0Il faut le maintenir pour avoir un lien, disons, avec les grandes m\u00e9tropoles et tout \u00e7a. Les campagnes sont abandonn\u00e9es, on abandonne tout le monde. Bient\u00f4t Capdenac, ce sera une ville de vieux.\u00a0\u00bb<br \/>\n&nbsp;<br \/>\n2 liaisons par semaine au lieu de 7, un trafic au compte-goutte justifi\u00e9 par des travaux sur le r\u00e9seau. Pour les manifestants, une mani\u00e8re de supprimer peu \u00e0 peu des lignes jug\u00e9es non prioritaires par la SNCF.<br \/>\n&nbsp;<br \/>\n\u00ab\u00a0Le transport concerne chaque citoyen dans son quotidien. Il est garant du lien social\u00a0\u00bb<br \/>\n&nbsp;<br \/>\nSt\u00e9phane Canord, secr\u00e9taire CGT cheminots \u2013 Nord-Est Midi Pyr\u00e9n\u00e9es  :<br \/>\n\u00ab\u00a0Moi, j\u2019ai jamais vu personne encore d\u00e9crier ce train de nuit, dire\u00a0: non, il sert \u00e0 rien celui-l\u00e0. Non, non au contraire\u00a0: il est super. Tout le monde dit\u00a0: il est g\u00e9nial ce train. Voil\u00e0, bon on comprend pas vraiment qu\u2019on nous le flingue comme \u00e7a et qu\u2019on veuille vraiment le casser, le casser tout simplement, voil\u00e0 quoi, vraiment.\u00a0\u00bb<br \/>\n&nbsp;<br \/>\nDe leur c\u00f4t\u00e9, les \u00e9lus inquiets ont fait le calcul\u00a0: moins de services en milieu rural \u00e9gal moins de vie.<br \/>\n&nbsp;<br \/>\nSt\u00e9phane B\u00e9rard, maire de Capdenac-Gare :<br \/>\n\u00ab\u00a0On sent bien qu\u2019effectivement au fur et \u00e0 mesure que l\u2019on d\u00e9lite le service public, c\u2019est effectivement l\u2019attractivit\u00e9 de nos territoires qui est mis en jeu et est mis en danger.\u00a0\u00bb<br \/>\n&nbsp;<br \/>\nPour d\u00e9fendre haut et fort le service public ferroviaire, un rendez-vous est d\u2019ores et d\u00e9j\u00e0 fix\u00e9 par la CGT cheminots qui appelle \u00e0 un grand rassemblement national, ce sera \u00e0 Paris jeudi 8 f\u00e9vrier prochain. <\/p>\n","protected":false},"excerpt":{"rendered":"<p>Le compte-rendu de France 3 Quercy Rouergue : &nbsp; A Capdenac Gare dans l\u2019Aveyron, ils \u00e9taient pr\u00e8s de<\/p>\n","protected":false},"author":1,"featured_media":2282,"comment_status":"open","ping_status":"open","sticky":false,"template":"","format":"standard","meta":{"footnotes":""},"categories":[3],"tags":[],"class_list":["post-428","post","type-post","status-publish","format-standard","has-post-thumbnail","hentry","category-en-train"],"_links":{"self":[{"href":"https:\/\/usagers-transports.haut-allier.eu\/index.php\/wp-json\/wp\/v2\/posts\/428","targetHints":{"allow":["GET"]}}],"collection":[{"href":"https:\/\/usagers-transports.haut-allier.eu\/index.php\/wp-json\/wp\/v2\/posts"}],"about":[{"href":"https:\/\/usagers-transports.haut-allier.eu\/index.php\/wp-json\/wp\/v2\/types\/post"}],"author":[{"embeddable":true,"href":"https:\/\/usagers-transports.haut-allier.eu\/index.php\/wp-json\/wp\/v2\/users\/1"}],"replies":[{"embeddable":true,"href":"https:\/\/usagers-transports.haut-allier.eu\/index.php\/wp-json\/wp\/v2\/comments?post=428"}],"version-history":[{"count":0,"href":"https:\/\/usagers-transports.haut-allier.eu\/index.php\/wp-json\/wp\/v2\/posts\/428\/revisions"}],"wp:featuredmedia":[{"embeddable":true,"href":"https:\/\/usagers-transports.haut-allier.eu\/index.php\/wp-json\/wp\/v2\/media\/2282"}],"wp:attachment":[{"href":"https:\/\/usagers-transports.haut-allier.eu\/index.php\/wp-json\/wp\/v2\/media?parent=428"}],"wp:term":[{"taxonomy":"category","embeddable":true,"href":"https:\/\/usagers-transports.haut-allier.eu\/index.php\/wp-json\/wp\/v2\/categories?post=428"},{"taxonomy":"post_tag","embeddable":true,"href":"https:\/\/usagers-transports.haut-allier.eu\/index.php\/wp-json\/wp\/v2\/tags?post=428"}],"curies":[{"name":"wp","href":"https:\/\/api.w.org\/{rel}","templated":true}]}}