{"id":429,"date":"2018-01-24T07:50:04","date_gmt":"2018-01-24T06:50:04","guid":{"rendered":"http:\/\/5.45.101.177\/haut-allier\/usagers-transportse\/index.php\/2018\/01\/24\/les-usagers-du-gard-et-des429\/"},"modified":"2018-01-24T07:50:04","modified_gmt":"2018-01-24T06:50:04","slug":"les-usagers-du-gard-et-des429","status":"publish","type":"post","link":"https:\/\/usagers-transports.haut-allier.eu\/index.php\/2018\/01\/24\/les-usagers-du-gard-et-des429\/","title":{"rendered":"Les usagers du Gard et des d\u00e9partements limitrophes s&rsquo;insurgent"},"content":{"rendered":"<p>Contre les propos tenus dans un article de presse locale et ils en profitent pour faire le point sur leurs objectifs, que nous partageons modestement ici dans le Haut-Allier.<br \/>\n&nbsp;<\/p>\n<p>[(<\/p>\n<p><strong>Commentaires de votre article : \u00ab\u00a0SNCF : Oui Guillaume P\u00e9py doit partir\u00a0\u00bb<\/strong><br \/>\n&nbsp;<br \/>\nEn tant que Pr\u00e9sidente de l&rsquo;association des usagers de la SNCF du Gard et des d\u00e9partements limitrophes (en Occitanie justement) je souhaite \u00ab\u00a0r\u00e9agir\u00a0\u00bb \u00e0 un paragraphe de votre article ci-dessous :<br \/>\n&nbsp;<br \/>\n<a href=\"http:\/\/www.ouillade.eu\/politique\/sncf-oui-guillaume-pepy-doit-partir\/165352\">http:\/\/www.ouillade.eu\/politique\/sncf-oui-guillaume-pepy-doit-partir\/165352<\/a><br \/>\n&nbsp;<br \/>\nLe paragraphe : \u00a0\u00bb De tout \u00e7a, il semblerait bien, h\u00e9las, queles associations de d\u00e9fense d\u2019usagers se moquent comme de l\u2019An 40. En tout cas, pour ce qui est de ces associations pr\u00e9sentent dans la R\u00e9gion Occitanie. Elles ne s\u2019agitent que pour d\u00e9fendre un groupe d\u2019int\u00e9r\u00eats bien particuliers : le Train de nuit, le Train Jaune, les horaires de connexion SNCF\/ RENFE \u00e0 partir du site de Portbou\u2026 Mais pour ce qui est des d\u00e9boires quotidiens des usagers (retards accumul\u00e9s, annulations de TER au dernier moment, propret\u00e9 des wagons, accessibilit\u00e9 des personnes \u00e0 mobilit\u00e9 r\u00e9duite\u2026) : nada ! Rien. A croire que ces associations de d\u00e9fense des usagers du rail sont dirig\u00e9es par d\u2019anciens cheminots dont le seul but serait de pr\u00e9server l\u2019image de la SNCF. \u00a0\u00bb<br \/>\n&nbsp;<br \/>\nNotre r\u00e9action \u00e0 cette phrase :\u00a0\u00bb Mais pour ce qui est des d\u00e9boires quotidiens des usagers (retards accumul\u00e9s, annulations de TER au dernier moment, propret\u00e9 des wagons, accessibilit\u00e9 des personnes \u00e0 mobilit\u00e9 r\u00e9duite\u2026) : nada ! Rien \u00a0\u00bb<br \/>\n&nbsp;<br \/>\nAlors, comment dire ? Notre association d&rsquo;usagers (justement) s&rsquo;occupe (justement aussi) des d\u00e9boires quotidiens, \u00e7a va de la crotte de chien dans le passage du hall de la gare de N\u00eemes, en passant par les ampoules grill\u00e9es des quais de Fons-Saint Mamert, ou la demande d&rsquo;indemnisation des usagers suite aux trop nombreux retards constat\u00e9s, ou encore la demande r\u00e9p\u00e9t\u00e9e d&rsquo;am\u00e9lioration des parkings, d&rsquo;augmentation des mat\u00e9riels \u00e0 cause des trains bond\u00e9s, de l&rsquo;application de tarifs favorables &#8230; d&rsquo;information de qualit\u00e9 et juste, de demandes d&rsquo;arr\u00eats suppl\u00e9mentaires (2 manifestations cet hiver tout de m\u00eame, dans le nuit et le froid) &#8230;<br \/>\n&nbsp;<br \/>\nVous n&rsquo;avez pas entendu parler de la r\u00e9novation de la ligne Al\u00e8s-Bess\u00e8ges non plus? C&rsquo;est nous aussi. Et la r\u00e9novation de la rive droite du Rh\u00f4ne ? Renseignez-vous aupr\u00e8s de son association.<br \/>\n&nbsp;<br \/>\nVous \u00eates mal renseign\u00e9s je pense.<br \/>\n&nbsp;<br \/>\nQuant \u00e0 votre supposition sur la \u00ab\u00a0direction\u00a0\u00bb des ces associations, je vous cite \u00a0\u00bb A croire que ces associations de d\u00e9fense des usagers du rail sont dirig\u00e9es par d\u2019anciens cheminots dont le seul but serait de pr\u00e9server l\u2019image de la SNCF \u00ab\u00a0, sachez que pour notre part l&rsquo;ind\u00e9pendance des usagers prime sur tout : pas de politique, pas de rattachement non plus \u00e0 des entit\u00e9s d&rsquo;usagers supra-nationales (FNAUT par exemple ou CNR) pour (tr\u00e8s justement) garantir notre ind\u00e9pendance de point de vue et d&rsquo;expression des usagers.<br \/>\n&nbsp;<br \/>\nLes cheminots actifs et retrait\u00e9s avec qui nous \u00e9changeons et dont certains en effet adh\u00e9rent \u00e0 notre association sont le plus souvent attach\u00e9s, non pas \u00e0 pr\u00e9server l&rsquo;image de la SNCF, mais plut\u00f4t \u00e0 garantir le service public ferroviaire. Ces passionn\u00e9s sont bien plus d\u00e9sesp\u00e9r\u00e9s par l&rsquo;abandon et le massacre de tous ces savoir-faire. Et heureusement que ces experts sont l\u00e0 pour nous aider \u00e0 d\u00e9monter les stratag\u00e8mes de la SCNF pour nous embobiner et ne pas donner suite \u00e0 nos demandes. Sans eux ce serait souvent bien compliqu\u00e9.<br \/>\n&nbsp;<br \/>\nL\u00e0 encore vous pouvez nous rencontrer.<br \/>\n&nbsp;<br \/>\nCopie \u00e0 quelques associations d&rsquo;usagers qui \u00ab\u00a0appr\u00e9cieront\u00a0\u00bb votre connaissance du maillage associatif du fin fonds de l&rsquo;Occitanie et \u00e0 quelques responsables de la R\u00e9gion et de la SNCF qui pourront comparer votre discours avec leur \u00ab\u00a0perception\u00a0\u00bb des activit\u00e9s des associations. Au moins tout le mode va bien rire, \u00e7a fait toujours du bien.<br \/>\n&nbsp;<br \/>\nBonne continuation, peut-\u00eatre publierez-vous notre \u00ab\u00a0droit de r\u00e9ponse\u00a0\u00bb.<br \/>\nNous ne d\u00e9tenons aucune v\u00e9rit\u00e9, nous sommes des usagers des TER d&rsquo;Occitanie et nous appr\u00e9cions ce mode de transport. C&rsquo;est pourquoi nous agissons aupr\u00e8s des responsables de la R\u00e9gion et de la SNCF pour son d\u00e9veloppement en faveur des usagers.<br \/>\n&nbsp;<br \/>\n<em>Anne-Marie Skora<\/em><br \/>\n&nbsp;<br \/>\n<a href=\"http:\/\/www.facebook.com\/Usagers-SNCF-GARD-192074111334144\/\"><strong>Le site Facebook de l&rsquo;association<\/strong><\/a><br \/>\n&nbsp;<br \/>\n)]<\/p>\n","protected":false},"excerpt":{"rendered":"<p>Contre les propos tenus dans un article de presse locale et ils en profitent pour faire le point<\/p>\n","protected":false},"author":1,"featured_media":2283,"comment_status":"open","ping_status":"open","sticky":false,"template":"","format":"standard","meta":{"footnotes":""},"categories":[5],"tags":[],"class_list":["post-429","post","type-post","status-publish","format-standard","has-post-thumbnail","hentry","category-ensemble"],"_links":{"self":[{"href":"https:\/\/usagers-transports.haut-allier.eu\/index.php\/wp-json\/wp\/v2\/posts\/429","targetHints":{"allow":["GET"]}}],"collection":[{"href":"https:\/\/usagers-transports.haut-allier.eu\/index.php\/wp-json\/wp\/v2\/posts"}],"about":[{"href":"https:\/\/usagers-transports.haut-allier.eu\/index.php\/wp-json\/wp\/v2\/types\/post"}],"author":[{"embeddable":true,"href":"https:\/\/usagers-transports.haut-allier.eu\/index.php\/wp-json\/wp\/v2\/users\/1"}],"replies":[{"embeddable":true,"href":"https:\/\/usagers-transports.haut-allier.eu\/index.php\/wp-json\/wp\/v2\/comments?post=429"}],"version-history":[{"count":0,"href":"https:\/\/usagers-transports.haut-allier.eu\/index.php\/wp-json\/wp\/v2\/posts\/429\/revisions"}],"wp:featuredmedia":[{"embeddable":true,"href":"https:\/\/usagers-transports.haut-allier.eu\/index.php\/wp-json\/wp\/v2\/media\/2283"}],"wp:attachment":[{"href":"https:\/\/usagers-transports.haut-allier.eu\/index.php\/wp-json\/wp\/v2\/media?parent=429"}],"wp:term":[{"taxonomy":"category","embeddable":true,"href":"https:\/\/usagers-transports.haut-allier.eu\/index.php\/wp-json\/wp\/v2\/categories?post=429"},{"taxonomy":"post_tag","embeddable":true,"href":"https:\/\/usagers-transports.haut-allier.eu\/index.php\/wp-json\/wp\/v2\/tags?post=429"}],"curies":[{"name":"wp","href":"https:\/\/api.w.org\/{rel}","templated":true}]}}