{"id":43,"date":"2013-03-22T09:25:48","date_gmt":"2013-03-22T08:25:48","guid":{"rendered":"http:\/\/5.45.101.177\/haut-allier\/usagers-transportse\/index.php\/2013\/03\/22\/trajet-du-cevenol-raccourci-a043\/"},"modified":"2013-03-22T09:25:48","modified_gmt":"2013-03-22T08:25:48","slug":"trajet-du-cevenol-raccourci-a043","status":"publish","type":"post","link":"https:\/\/usagers-transports.haut-allier.eu\/index.php\/2013\/03\/22\/trajet-du-cevenol-raccourci-a043\/","title":{"rendered":"Trajet du C\u00e9venol raccourci \u00e0 N\u00eemes : recours devant le tribunal pr\u00e9sent\u00e9 par l&rsquo;association des \u00e9lus pour la d\u00e9fense du train C\u00e9venol"},"content":{"rendered":"<p>L&rsquo;association des \u00e9lus pour la d\u00e9fense du C\u00e9venol va d\u00e9poser un recours devant le tribunal administratif pour faire annuler la limitation de parcours \u00e0 N\u00eemes a d\u00e9clar\u00e9 Jean-Jacques Faucher. Une autre action va \u00eatre entreprise en direction des collectivit\u00e9s locales par le biais d&rsquo;une d\u00e9lib\u00e9ration sur la fermeture des guichets, l&rsquo;absence de perspectives de communication, la vitesse qui n&rsquo;a pas \u00e9t\u00e9 r\u00e9tablie\u2026 <\/p>\n<p><strong>L&rsquo;article de la Montagne du 22 mars 2013 : <\/strong> <a href=\"http:\/\/www.lamontagne.fr\/auvergne\/actualite\/departement\/haute-loire\/2013\/03\/22\/lassociation-de-defense-du-train-le-cevenol-denonce-lattitude-de-la-sncf-1486091.html\">L\u2019association de d\u00e9fense du train \u00ab Le C\u00e9venol \u00bb d\u00e9nonce l\u2019attitude de la SNCF.<\/a><\/p>\n","protected":false},"excerpt":{"rendered":"<p>L&rsquo;association des \u00e9lus pour la d\u00e9fense du C\u00e9venol va d\u00e9poser un recours devant le tribunal administratif pour faire<\/p>\n","protected":false},"author":1,"featured_media":0,"comment_status":"closed","ping_status":"open","sticky":false,"template":"","format":"standard","meta":{"footnotes":""},"categories":[2],"tags":[],"class_list":["post-43","post","type-post","status-publish","format-standard","hentry","category-infos"],"_links":{"self":[{"href":"https:\/\/usagers-transports.haut-allier.eu\/index.php\/wp-json\/wp\/v2\/posts\/43","targetHints":{"allow":["GET"]}}],"collection":[{"href":"https:\/\/usagers-transports.haut-allier.eu\/index.php\/wp-json\/wp\/v2\/posts"}],"about":[{"href":"https:\/\/usagers-transports.haut-allier.eu\/index.php\/wp-json\/wp\/v2\/types\/post"}],"author":[{"embeddable":true,"href":"https:\/\/usagers-transports.haut-allier.eu\/index.php\/wp-json\/wp\/v2\/users\/1"}],"replies":[{"embeddable":true,"href":"https:\/\/usagers-transports.haut-allier.eu\/index.php\/wp-json\/wp\/v2\/comments?post=43"}],"version-history":[{"count":0,"href":"https:\/\/usagers-transports.haut-allier.eu\/index.php\/wp-json\/wp\/v2\/posts\/43\/revisions"}],"wp:attachment":[{"href":"https:\/\/usagers-transports.haut-allier.eu\/index.php\/wp-json\/wp\/v2\/media?parent=43"}],"wp:term":[{"taxonomy":"category","embeddable":true,"href":"https:\/\/usagers-transports.haut-allier.eu\/index.php\/wp-json\/wp\/v2\/categories?post=43"},{"taxonomy":"post_tag","embeddable":true,"href":"https:\/\/usagers-transports.haut-allier.eu\/index.php\/wp-json\/wp\/v2\/tags?post=43"}],"curies":[{"name":"wp","href":"https:\/\/api.w.org\/{rel}","templated":true}]}}