{"id":430,"date":"2018-01-24T08:47:10","date_gmt":"2018-01-24T07:47:10","guid":{"rendered":"http:\/\/5.45.101.177\/haut-allier\/usagers-transportse\/index.php\/2018\/01\/24\/sncf-aura-incapable-d-afficher-les430\/"},"modified":"2018-01-24T08:47:10","modified_gmt":"2018-01-24T07:47:10","slug":"sncf-aura-incapable-d-afficher-les430","status":"publish","type":"post","link":"https:\/\/usagers-transports.haut-allier.eu\/index.php\/2018\/01\/24\/sncf-aura-incapable-d-afficher-les430\/","title":{"rendered":"SNCF AURA incapable d&rsquo;afficher les horaires dans ses gares (suite)"},"content":{"rendered":"<p>A notre demande et suite \u00e0 <a href=\"http:\/\/usagers-transports.haut-allier.eu\/?sncf-incapable-d-afficher-les,423\"><strong>notre article<\/strong><\/a> la SNCF r\u00e9gionale AURA a bien affich\u00e9 les horaires de la p\u00e9riode d\u00e9cembre juillet 2018 mais ils sont faux !<br \/>\n&nbsp;<br \/>\n<img loading=\"lazy\" decoding=\"async\" class=\" aligncenter size-full wp-image-2285\" src=\"http:\/\/5.45.101.177\/haut-allier\/usagers-transportse\/wp-content\/uploads\/2018\/01\/img_20180119_170614-800.jpg\" alt=\"img_20180119_170614-800.jpg\" align=\"center\" width=\"600\" height=\"800\" srcset=\"https:\/\/usagers-transports.haut-allier.eu\/wp-content\/uploads\/2018\/01\/img_20180119_170614-800.jpg 600w, https:\/\/usagers-transports.haut-allier.eu\/wp-content\/uploads\/2018\/01\/img_20180119_170614-800-225x300.jpg 225w\" sizes=\"auto, (max-width: 600px) 100vw, 600px\" \/><br \/>\n&nbsp;<br \/>\n<img loading=\"lazy\" decoding=\"async\" class=\" aligncenter size-full wp-image-2286\" src=\"http:\/\/5.45.101.177\/haut-allier\/usagers-transportse\/wp-content\/uploads\/2018\/01\/img_20180119_170606-800.jpg\" alt=\"img_20180119_170606-800.jpg\" align=\"center\" width=\"600\" height=\"800\" srcset=\"https:\/\/usagers-transports.haut-allier.eu\/wp-content\/uploads\/2018\/01\/img_20180119_170606-800.jpg 600w, https:\/\/usagers-transports.haut-allier.eu\/wp-content\/uploads\/2018\/01\/img_20180119_170606-800-225x300.jpg 225w\" sizes=\"auto, (max-width: 600px) 100vw, 600px\" \/><br \/>\n&nbsp;<br \/>\nLe collectif a donc d\u00fb devant cette incomp\u00e9tence notoire cette fois \u00e9laborer une affiche avec les bons horaires et les apposer, ici en gare d&rsquo;Alleyras. Sans commentaires.<br \/>\n&nbsp;<br \/>\n<img loading=\"lazy\" decoding=\"async\" class=\" aligncenter size-full wp-image-2287\" src=\"http:\/\/5.45.101.177\/haut-allier\/usagers-transportse\/wp-content\/uploads\/2018\/01\/horaires-haut-allier-2018-hiver-affiche-def-gare-800.jpg\" alt=\"horaires-haut-allier-2018-hiver-affiche-def-gare-800.jpg\" align=\"center\" width=\"566\" height=\"800\" srcset=\"https:\/\/usagers-transports.haut-allier.eu\/wp-content\/uploads\/2018\/01\/horaires-haut-allier-2018-hiver-affiche-def-gare-800.jpg 566w, https:\/\/usagers-transports.haut-allier.eu\/wp-content\/uploads\/2018\/01\/horaires-haut-allier-2018-hiver-affiche-def-gare-800-212x300.jpg 212w\" sizes=\"auto, (max-width: 566px) 100vw, 566px\" \/><br \/>\n&nbsp;<br \/>\n<a href=\"http:\/\/usagers-transports.haut-allier.eu\/?la-fiche-des-horaires-sncf,427\"><strong> <strong>Rappel : les fiches horaires sont disponibles ici.<\/strong> <\/strong><\/a><\/p>\n","protected":false},"excerpt":{"rendered":"<p>A notre demande et suite \u00e0 notre article la SNCF r\u00e9gionale AURA a bien affich\u00e9 les horaires de<\/p>\n","protected":false},"author":1,"featured_media":2284,"comment_status":"open","ping_status":"open","sticky":false,"template":"","format":"standard","meta":{"footnotes":""},"categories":[3],"tags":[],"class_list":["post-430","post","type-post","status-publish","format-standard","has-post-thumbnail","hentry","category-en-train"],"_links":{"self":[{"href":"https:\/\/usagers-transports.haut-allier.eu\/index.php\/wp-json\/wp\/v2\/posts\/430","targetHints":{"allow":["GET"]}}],"collection":[{"href":"https:\/\/usagers-transports.haut-allier.eu\/index.php\/wp-json\/wp\/v2\/posts"}],"about":[{"href":"https:\/\/usagers-transports.haut-allier.eu\/index.php\/wp-json\/wp\/v2\/types\/post"}],"author":[{"embeddable":true,"href":"https:\/\/usagers-transports.haut-allier.eu\/index.php\/wp-json\/wp\/v2\/users\/1"}],"replies":[{"embeddable":true,"href":"https:\/\/usagers-transports.haut-allier.eu\/index.php\/wp-json\/wp\/v2\/comments?post=430"}],"version-history":[{"count":0,"href":"https:\/\/usagers-transports.haut-allier.eu\/index.php\/wp-json\/wp\/v2\/posts\/430\/revisions"}],"wp:featuredmedia":[{"embeddable":true,"href":"https:\/\/usagers-transports.haut-allier.eu\/index.php\/wp-json\/wp\/v2\/media\/2284"}],"wp:attachment":[{"href":"https:\/\/usagers-transports.haut-allier.eu\/index.php\/wp-json\/wp\/v2\/media?parent=430"}],"wp:term":[{"taxonomy":"category","embeddable":true,"href":"https:\/\/usagers-transports.haut-allier.eu\/index.php\/wp-json\/wp\/v2\/categories?post=430"},{"taxonomy":"post_tag","embeddable":true,"href":"https:\/\/usagers-transports.haut-allier.eu\/index.php\/wp-json\/wp\/v2\/tags?post=430"}],"curies":[{"name":"wp","href":"https:\/\/api.w.org\/{rel}","templated":true}]}}