{"id":431,"date":"2018-01-26T12:13:51","date_gmt":"2018-01-26T11:13:51","guid":{"rendered":"http:\/\/5.45.101.177\/haut-allier\/usagers-transportse\/index.php\/2018\/01\/26\/reouverture-de-la-ligne-ales431\/"},"modified":"2018-01-26T12:13:51","modified_gmt":"2018-01-26T11:13:51","slug":"reouverture-de-la-ligne-ales431","status":"publish","type":"post","link":"https:\/\/usagers-transports.haut-allier.eu\/index.php\/2018\/01\/26\/reouverture-de-la-ligne-ales431\/","title":{"rendered":"R\u00e9ouverture de la ligne Al\u00e8s Bess\u00e8ges : une nouvelle fois la SNCF tra\u00eene les pieds"},"content":{"rendered":"<p>La r\u00e9gion Occitanie n&rsquo;est pas du tout satisfaite du plan de r\u00e9ouverture \u00e9labor\u00e9 par la SNCFnous indique le Collectif pour la d\u00e9fense et la modernisation de la ligne ferroviaire d&rsquo;Al\u00e8s &#8211; Bess\u00e8ges qui vient de publier l&rsquo;affiche communiqu\u00e9 suivant :<br \/>\n&nbsp;<\/p>\n<p>[(<br \/>\nCOLLECTIF POUR LA DEFENSE ET LA MODERNISATION DE LA LIGNE FERROVIAIRE D\u2019ALES\u2010BESSEGES<br \/>\n1 rue Mayodon 30100 ALES<br \/>\n&nbsp;<br \/>\nALLONS\u2010Y EN TRAIN !<br \/>\n&nbsp;<br \/>\nScolaires petits et grands&#8230; allons\u2010y en train !<br \/>\nSalari\u00e9s, ch\u00f4meurs, retrait\u00e9s&#8230; allons\u2010y en train !<br \/>\nEmployeurs, commer\u00e7ants&#8230; vous avez le droit de t\u00e9l\u00e9phoner en train !<br \/>\nLoisirs, culture, sport, sorties&#8230; allons\u2010y et revenons en train !<br \/>\nTout ceci \u00e9tait r\u00e9alisable il y a longtemps, bien avant 2012.<br \/>\n&nbsp;<br \/>\n2018 serait\u2010elle l\u2019ann\u00e9e des certitudes pour la r\u00e9ouverture d\u2019Al\u00e8s\u2010Bess\u00e8ges ?<br \/>\n&nbsp;<br \/>\nUn Comit\u00e9 de pilotage s\u2019est tenu le 15 d\u00e9cembre 2017, pr\u00e9sid\u00e9 par Jean\u2010Luc GIBELIN vice\u2010pr\u00e9sident Transport d\u2019Occitanie avec cette fois toutes les parties autour de la table contrairement \u00e0 2012 : Etat, SNCF, D\u00e9partement, SMTBA repr\u00e9sent\u00e9. S\u2019y sont joints le Collectif de d\u00e9fense, des parlementaires, des conseillers d\u00e9partementaux, des maires et le pr\u00e9sident de la communaut\u00e9 de communes de C\u00e8ze\u2010C\u00e9vennes.<br \/>\n&nbsp;<br \/>\nLa r\u00e9gion a pass\u00e9 commande ferme d\u2019une \u00e9tude d\u2019ex\u00e9cution \u00e0 SNCF R\u00e9seau pour la r\u00e9ouverture de la ligne avec cr\u00e9ation d\u2019une halte pour le lyc\u00e9e JB Dumas. Le planning annonc\u00e9 par SNCF R\u00e9seau est inacceptable pour la r\u00e9gion qui l\u2019a fait savoir publiquement et qui maintient la pression avec un autre comit\u00e9 de pilotage qui sera convoqu\u00e9 d\u00e8s la fin de ce 1er trimestre : SNCF R\u00e9seau devra s\u2019expliquer et faire \u00e9tat de l\u2019avancement de ses r\u00e9flexions.<br \/>\n&nbsp;<br \/>\nOn ne saurait mieux conclure qu\u2019Al\u00e8s\u2010Bess\u00e8ges est plus que jamais d\u00e9pendante de la vigilance de tous : responsables, \u00e9lus, Collectif &#8230;<br \/>\n&nbsp;<br \/>\n&#8230; mais surtout de la vigilance de tous les citoyens sans l\u2019action desquels, depuis 12 ans, il n\u2019y aurait plus de dossier \u00ab Al\u00e8s\u2010Bess\u00e8ges \u00bb.<br \/>\n&nbsp;<br \/>\nAvec vous, nous en suivrons pas \u00e0 pas l\u2019\u00e9volution et vous tiendrons inform\u00e9s.<br \/>\n&nbsp;<br \/>\nEt si 2018 \u00e9tait une bonne ann\u00e9e ferroviaire en C\u00e9vennes ?<br \/>\n&nbsp;<br \/>\n<img loading=\"lazy\" decoding=\"async\" class=\" aligncenter size-full wp-image-2289\" src=\"http:\/\/5.45.101.177\/haut-allier\/usagers-transportse\/wp-content\/uploads\/2018\/01\/carteee.jpg\" alt=\"carteee.jpg\" align=\"center\" width=\"736\" height=\"413\" srcset=\"https:\/\/usagers-transports.haut-allier.eu\/wp-content\/uploads\/2018\/01\/carteee.jpg 736w, https:\/\/usagers-transports.haut-allier.eu\/wp-content\/uploads\/2018\/01\/carteee-300x168.jpg 300w\" sizes=\"auto, (max-width: 736px) 100vw, 736px\" \/><br \/>\n&nbsp;<br \/>\nMembres du Collectif : Association pour la D\u00e9fense des Services Publics de la vall\u00e9e de la C\u00e8ze, Association des Usagers SNCF du Gard et D\u00e9partements limitrophes, Syndicats CGT des cheminots d\u2019Al\u00e8s et de N\u00eemes.<br \/>\n&nbsp;<br \/>\nContact : Claude DOUSSIERE : 113 chemin du Font d\u2019Huguet 30360 NERS claude.doussiere@sfr.fr 06 12 81 40 37.<br \/>\n)]<\/p>\n","protected":false},"excerpt":{"rendered":"<p>La r\u00e9gion Occitanie n&rsquo;est pas du tout satisfaite du plan de r\u00e9ouverture \u00e9labor\u00e9 par la SNCFnous indique le<\/p>\n","protected":false},"author":1,"featured_media":2288,"comment_status":"open","ping_status":"open","sticky":false,"template":"","format":"standard","meta":{"footnotes":""},"categories":[3],"tags":[],"class_list":["post-431","post","type-post","status-publish","format-standard","has-post-thumbnail","hentry","category-en-train"],"_links":{"self":[{"href":"https:\/\/usagers-transports.haut-allier.eu\/index.php\/wp-json\/wp\/v2\/posts\/431","targetHints":{"allow":["GET"]}}],"collection":[{"href":"https:\/\/usagers-transports.haut-allier.eu\/index.php\/wp-json\/wp\/v2\/posts"}],"about":[{"href":"https:\/\/usagers-transports.haut-allier.eu\/index.php\/wp-json\/wp\/v2\/types\/post"}],"author":[{"embeddable":true,"href":"https:\/\/usagers-transports.haut-allier.eu\/index.php\/wp-json\/wp\/v2\/users\/1"}],"replies":[{"embeddable":true,"href":"https:\/\/usagers-transports.haut-allier.eu\/index.php\/wp-json\/wp\/v2\/comments?post=431"}],"version-history":[{"count":0,"href":"https:\/\/usagers-transports.haut-allier.eu\/index.php\/wp-json\/wp\/v2\/posts\/431\/revisions"}],"wp:featuredmedia":[{"embeddable":true,"href":"https:\/\/usagers-transports.haut-allier.eu\/index.php\/wp-json\/wp\/v2\/media\/2288"}],"wp:attachment":[{"href":"https:\/\/usagers-transports.haut-allier.eu\/index.php\/wp-json\/wp\/v2\/media?parent=431"}],"wp:term":[{"taxonomy":"category","embeddable":true,"href":"https:\/\/usagers-transports.haut-allier.eu\/index.php\/wp-json\/wp\/v2\/categories?post=431"},{"taxonomy":"post_tag","embeddable":true,"href":"https:\/\/usagers-transports.haut-allier.eu\/index.php\/wp-json\/wp\/v2\/tags?post=431"}],"curies":[{"name":"wp","href":"https:\/\/api.w.org\/{rel}","templated":true}]}}