{"id":432,"date":"2018-01-26T13:22:14","date_gmt":"2018-01-26T12:22:14","guid":{"rendered":"http:\/\/5.45.101.177\/haut-allier\/usagers-transportse\/index.php\/2018\/01\/26\/2018-decisive-pour-la-ligne-sncf432\/"},"modified":"2018-01-26T13:22:14","modified_gmt":"2018-01-26T12:22:14","slug":"2018-decisive-pour-la-ligne-sncf432","status":"publish","type":"post","link":"https:\/\/usagers-transports.haut-allier.eu\/index.php\/2018\/01\/26\/2018-decisive-pour-la-ligne-sncf432\/","title":{"rendered":"2018 d\u00e9cisive pour la ligne SNCF B\u00e9ziers Clermont-Ferrand : r\u00e9union de travail \u00e0 Saint-Flour le 10 f\u00e9vrier"},"content":{"rendered":"<p>Le Comit\u00e9 Pluraliste de D\u00e9fense du Rail dans le Cantal invite \u00e0 une r\u00e9union de travail sur l&rsquo;\u00e9laboration d&rsquo;un plan d&rsquo;avenir pour la ligne B\u00e9ziers Neussargues dont l&rsquo;\u00e9tat a d\u00e9cid\u00e9 du maintien en 2018 sous r\u00e9serve d&rsquo;une revitalisation.<br \/>\n&nbsp;<br \/>\nVoici le communiqu\u00e9 du Comit\u00e9 pluraliste de d\u00e9fense de la ligne :<br \/>\n&nbsp;<\/p>\n<p>[(<\/p>\n<p>Chers amis,<br \/>\n&nbsp;<br \/>\n<strong>R\u00e9union publique \u00e0 St Flour samedi 10 f\u00e9vrier 2018<\/strong><br \/>\n&nbsp;<br \/>\nNotre Comit\u00e9 Pluraliste impulse une d\u00e9marche de \u00ab terrain \u00bb sur la ligne de l\u2019Aubrac avec l\u2019ensemble des acteurs locaux, sociaux et \u00e9conomiques. Les Collectivit\u00e9s Territoriales locales, d\u00e9partementales et r\u00e9gionales s\u2019investissent \u00e9galement avec leurs \u00e9lus. La concr\u00e9tisation de l\u2019accord valable pour deux ans entre l\u2019Etat et le Conseil R\u00e9gional Occitanie donne de l\u2019oxyg\u00e8ne \u00e0 l\u2019Aubrac. Nous devons mettre \u00e0 profit cette p\u00e9riode d\u2019exp\u00e9rimentation pour construire, autour de la ligne de l\u2019Aubrac, des propositions concr\u00e8tes confortant l\u2019emploi, l\u2019environnement, la mobilit\u00e9 des biens et des personnes dans le cadre du d\u00e9veloppement durable.<br \/>\n&nbsp;<br \/>\n<strong>2018 s\u2019av\u00e8re \u00eatre l\u2019ann\u00e9e d\u00e9cisive<\/strong><br \/>\n&nbsp;<br \/>\nLe service public ferroviaire va d\u00e9montrer, avec la ligne de l\u2019Aubrac, toute sa pertinence et son utilit\u00e9 aux populations. L\u2019avenir des lignes ferroviaires de tout le Massif Central d\u00e9pend de notre capacit\u00e9 \u00e0 rassembler, impulser, nourrir le d\u00e9bat de propositions r\u00e9alistes, concr\u00e9tiser celles-ci.<br \/>\n&nbsp;<br \/>\nLe Comit\u00e9 Pluraliste de D\u00e9fense du Rail dans le Cantal et notre Comit\u00e9 Pluraliste vous invitent \u00e0 cette Co-\u00e9laboration :<br \/>\n&nbsp;<br \/>\n<strong>Samedi 10 f\u00e9vrier 2018 de 10h45 \u00e0 13h<br \/>\nSalle Besserette \u00e0 St Flour<\/strong><br \/>\n&nbsp;<br \/>\nA cette r\u00e9union participeront Mr Bernard Delcros S\u00e9nateur du Cantal, Mme Martine Guibert Vice-pr\u00e9sidente de transports R\u00e9gion Auvergne-Rh\u00f4ne-Alpes, Mr Jean-Luc Gibelin Vice-pr\u00e9sident du Conseil R\u00e9gional Occitanie, Mr Pierre Jarlier Maire et Pr\u00e9sident de la Communaut\u00e9 de Communes de St Flour.<br \/>\n&nbsp;<br \/>\n(&#8230;) Pour se rendre \u00e0 St Flour de l\u2019H\u00e9rault et de l\u2019Aveyron, Autocar d\u00e9part 6h30 de B\u00e9darieux de la gare. 7h45 de Millau, aire de covoiturage du viaduc. Inscription obligatoire au 06 08 17 58 87 ou 06 85 33 66 23. Participation aux frais de transport 10 \u20ac. Pour la Loz\u00e8re covoiturage 06 70 59 20 85. Repas tir\u00e9 du sac.<\/p>\n<p>)]<\/p>\n","protected":false},"excerpt":{"rendered":"<p>Le Comit\u00e9 Pluraliste de D\u00e9fense du Rail dans le Cantal invite \u00e0 une r\u00e9union de travail sur l&rsquo;\u00e9laboration<\/p>\n","protected":false},"author":1,"featured_media":2290,"comment_status":"open","ping_status":"open","sticky":false,"template":"","format":"standard","meta":{"footnotes":""},"categories":[3],"tags":[],"class_list":["post-432","post","type-post","status-publish","format-standard","has-post-thumbnail","hentry","category-en-train"],"_links":{"self":[{"href":"https:\/\/usagers-transports.haut-allier.eu\/index.php\/wp-json\/wp\/v2\/posts\/432","targetHints":{"allow":["GET"]}}],"collection":[{"href":"https:\/\/usagers-transports.haut-allier.eu\/index.php\/wp-json\/wp\/v2\/posts"}],"about":[{"href":"https:\/\/usagers-transports.haut-allier.eu\/index.php\/wp-json\/wp\/v2\/types\/post"}],"author":[{"embeddable":true,"href":"https:\/\/usagers-transports.haut-allier.eu\/index.php\/wp-json\/wp\/v2\/users\/1"}],"replies":[{"embeddable":true,"href":"https:\/\/usagers-transports.haut-allier.eu\/index.php\/wp-json\/wp\/v2\/comments?post=432"}],"version-history":[{"count":0,"href":"https:\/\/usagers-transports.haut-allier.eu\/index.php\/wp-json\/wp\/v2\/posts\/432\/revisions"}],"wp:featuredmedia":[{"embeddable":true,"href":"https:\/\/usagers-transports.haut-allier.eu\/index.php\/wp-json\/wp\/v2\/media\/2290"}],"wp:attachment":[{"href":"https:\/\/usagers-transports.haut-allier.eu\/index.php\/wp-json\/wp\/v2\/media?parent=432"}],"wp:term":[{"taxonomy":"category","embeddable":true,"href":"https:\/\/usagers-transports.haut-allier.eu\/index.php\/wp-json\/wp\/v2\/categories?post=432"},{"taxonomy":"post_tag","embeddable":true,"href":"https:\/\/usagers-transports.haut-allier.eu\/index.php\/wp-json\/wp\/v2\/tags?post=432"}],"curies":[{"name":"wp","href":"https:\/\/api.w.org\/{rel}","templated":true}]}}