{"id":433,"date":"2018-01-26T13:41:25","date_gmt":"2018-01-26T12:41:25","guid":{"rendered":"http:\/\/5.45.101.177\/haut-allier\/usagers-transportse\/index.php\/2018\/01\/26\/ligne-sncf-du-train-cevenol433\/"},"modified":"2018-01-26T13:41:25","modified_gmt":"2018-01-26T12:41:25","slug":"ligne-sncf-du-train-cevenol433","status":"publish","type":"post","link":"https:\/\/usagers-transports.haut-allier.eu\/index.php\/2018\/01\/26\/ligne-sncf-du-train-cevenol433\/","title":{"rendered":"Ligne SNCF du train C\u00e9venol : travaux et coupure du trafic du 2 mars au 26 mai 2018"},"content":{"rendered":"<p>Comme chaque ann\u00e9e, et c&rsquo;est devenue une mauvaise habitude depuis dix ans, SNCF Rh\u00f4ne Alpes Auvergne d\u00e9cide une nouvelle fois d&rsquo;effectuer ses travaux en pleine journ\u00e9e et <strong>coupera donc toute circulation entre Clermont-Ferrand et Langogne du 2 mars au 26 mai prochain minimum<\/strong>.<br \/>\n&nbsp;<br \/>\nDu 2 mars au 4 mai seront effectu\u00e9s des travaux de confortement, par chemisage en b\u00e9ton projet\u00e9, du tunnel de Crest, 210 m\u00e8tres, en contrebas du hameau de Genestouse commune de Saint-Haon (Haute-Loire).<br \/>\n&nbsp;<br \/>\nDu 5 mars au 26 mai il s&rsquo;agira de moderniser l&rsquo;entr\u00e9e nord de Brioude par l&rsquo;am\u00e9lioration de la g\u00e9om\u00e9trie au passage \u00e0 niveaux num\u00e9ro 75 et le remplacement de c\u00e2bles non marqu\u00e9s.<br \/>\n&nbsp;<br \/>\n<strong>Autant d&rsquo;op\u00e9rations qui de notre point de vue pourraient s&rsquo;effectuer de nuit et ne n\u00e9cessitait pas de coupure, comme cela se faisait \u00e0 l&rsquo;\u00e9poque, quand la SNCF ne s&rsquo;acharnait pas \u00e0 d\u00e9tourner ses clients du train.<\/strong><br \/>\n&nbsp;<br \/>\nNous venons d&rsquo;\u00e9crire en ce sens \u00e0 la Direction territoriale Auvergne Rh\u00f4ne-Alpes de SNCF R\u00e9seau.<br \/>\n&nbsp;<\/p>\n","protected":false},"excerpt":{"rendered":"<p>Comme chaque ann\u00e9e, et c&rsquo;est devenue une mauvaise habitude depuis dix ans, SNCF Rh\u00f4ne Alpes Auvergne d\u00e9cide une<\/p>\n","protected":false},"author":1,"featured_media":2291,"comment_status":"open","ping_status":"open","sticky":false,"template":"","format":"standard","meta":{"footnotes":""},"categories":[3],"tags":[],"class_list":["post-433","post","type-post","status-publish","format-standard","has-post-thumbnail","hentry","category-en-train"],"_links":{"self":[{"href":"https:\/\/usagers-transports.haut-allier.eu\/index.php\/wp-json\/wp\/v2\/posts\/433","targetHints":{"allow":["GET"]}}],"collection":[{"href":"https:\/\/usagers-transports.haut-allier.eu\/index.php\/wp-json\/wp\/v2\/posts"}],"about":[{"href":"https:\/\/usagers-transports.haut-allier.eu\/index.php\/wp-json\/wp\/v2\/types\/post"}],"author":[{"embeddable":true,"href":"https:\/\/usagers-transports.haut-allier.eu\/index.php\/wp-json\/wp\/v2\/users\/1"}],"replies":[{"embeddable":true,"href":"https:\/\/usagers-transports.haut-allier.eu\/index.php\/wp-json\/wp\/v2\/comments?post=433"}],"version-history":[{"count":0,"href":"https:\/\/usagers-transports.haut-allier.eu\/index.php\/wp-json\/wp\/v2\/posts\/433\/revisions"}],"wp:featuredmedia":[{"embeddable":true,"href":"https:\/\/usagers-transports.haut-allier.eu\/index.php\/wp-json\/wp\/v2\/media\/2291"}],"wp:attachment":[{"href":"https:\/\/usagers-transports.haut-allier.eu\/index.php\/wp-json\/wp\/v2\/media?parent=433"}],"wp:term":[{"taxonomy":"category","embeddable":true,"href":"https:\/\/usagers-transports.haut-allier.eu\/index.php\/wp-json\/wp\/v2\/categories?post=433"},{"taxonomy":"post_tag","embeddable":true,"href":"https:\/\/usagers-transports.haut-allier.eu\/index.php\/wp-json\/wp\/v2\/tags?post=433"}],"curies":[{"name":"wp","href":"https:\/\/api.w.org\/{rel}","templated":true}]}}