{"id":434,"date":"2018-01-27T10:08:17","date_gmt":"2018-01-27T09:08:17","guid":{"rendered":"http:\/\/5.45.101.177\/haut-allier\/usagers-transportse\/index.php\/2018\/01\/27\/emploi-la-sncf-recherche-1000434\/"},"modified":"2018-01-27T10:08:17","modified_gmt":"2018-01-27T09:08:17","slug":"emploi-la-sncf-recherche-1000434","status":"publish","type":"post","link":"https:\/\/usagers-transports.haut-allier.eu\/index.php\/2018\/01\/27\/emploi-la-sncf-recherche-1000434\/","title":{"rendered":"Emploi : la SNCF recherche 1000 conducteurs en 2018"},"content":{"rendered":"<p>Et elle va miser sur un cours en ligne (MOC) ce qui sera pratique pour les int\u00e9ress\u00e9s \u00e9loign\u00e9s des m\u00e9tropoles. Ne pas h\u00e9siter si int\u00e9ress\u00e9(e).<br \/>\n&nbsp;<br \/>\nLa soci\u00e9t\u00e9 annonce donc 566 recrutements de conducteurs de trains d\u2019ici au mois d\u2019avril et 1 000 au total pour l\u2019ann\u00e9e 2018 tous en CDI.<br \/>\n&nbsp;<br \/>\nLe groupe manque de conducteurs de trains en raison de l\u2019augmentation du nombre de passagers : + 10 % dans les TGV, + 8 % dans les Intercit\u00e9s et + 4,6 % dans les TER. Trains r\u00e9gionaux o\u00f9 d&rsquo;ailleurs la p\u00e9nurie est la plus prononc\u00e9e.<br \/>\n&nbsp;<br \/>\nLes besoins en effectifs se concentrent en Ile-de-France, <strong>Auvergne Rh\u00f4ne-Alpes<\/strong>, Provence-Alpes-C\u00f4te-d\u2019Azur, Grand-Est et Hauts-de-France. Et pour cette op\u00e9ration de ressources humaines \u00e0 grande \u00e9chelle, l\u2018entreprise publique va s\u2019appuyer, comme en 2017, sur un Mooc (cours en ligne).<br \/>\n&nbsp;<br \/>\nLe patron de la SNCF, estime par ailleurs que 2018 sera \u00ab\u00a0une ann\u00e9e charni\u00e8re pour le syst\u00e8me ferroviaire fran\u00e7ais\u00a0\u00bb, avec la \u00ab\u00a0r\u00e9forme syst\u00e9mique\u00a0\u00bb voulue par l&rsquo;\u00c9tat et qui doit \u00eatre annonc\u00e9e au printemps.<br \/>\n&nbsp;<br \/>\nR\u00e9mun\u00e9r\u00e9s 20 000 euros brut par an pendant leur formation, les conducteurs gagnent 29 000 euros brut en d\u00e9but de carri\u00e8re, 38 600 euros au bout de dix ans de service. En comptant les autres corps de m\u00e9tiers, la SNCF pr\u00e9voit de recruter 5 500 personnes cette ann\u00e9e. Dans le m\u00eame temps, quelque 2 000 suppressions de postes doivent \u00eatre act\u00e9es.<br \/>\n&nbsp;<br \/>\n<strong>L&rsquo;article source de France Info :<\/strong> <a href=\"https:\/\/www.francetvinfo.fr\/economie\/transports\/sncf\/la-sncf-veut-recruter-1000-conducteurs-de-train-cette-annee-en-misant-sur-un-cours-en-ligne_2579602.html\"><em>La SNCF veut recruter 1 000 conducteurs de train cette ann\u00e9e en misant sur un cours en ligne<\/em><\/a><br \/>\n&nbsp;<br \/>\n<a href=\"https:\/\/sncf-mooc.fr\/\"><strong>Le site des cours en ligne de la SNCF.<\/strong><\/a><br \/>\n&nbsp;<\/p>\n","protected":false},"excerpt":{"rendered":"<p>Et elle va miser sur un cours en ligne (MOC) ce qui sera pratique pour les int\u00e9ress\u00e9s \u00e9loign\u00e9s<\/p>\n","protected":false},"author":1,"featured_media":2292,"comment_status":"open","ping_status":"open","sticky":false,"template":"","format":"standard","meta":{"footnotes":""},"categories":[2],"tags":[],"class_list":["post-434","post","type-post","status-publish","format-standard","has-post-thumbnail","hentry","category-infos"],"_links":{"self":[{"href":"https:\/\/usagers-transports.haut-allier.eu\/index.php\/wp-json\/wp\/v2\/posts\/434","targetHints":{"allow":["GET"]}}],"collection":[{"href":"https:\/\/usagers-transports.haut-allier.eu\/index.php\/wp-json\/wp\/v2\/posts"}],"about":[{"href":"https:\/\/usagers-transports.haut-allier.eu\/index.php\/wp-json\/wp\/v2\/types\/post"}],"author":[{"embeddable":true,"href":"https:\/\/usagers-transports.haut-allier.eu\/index.php\/wp-json\/wp\/v2\/users\/1"}],"replies":[{"embeddable":true,"href":"https:\/\/usagers-transports.haut-allier.eu\/index.php\/wp-json\/wp\/v2\/comments?post=434"}],"version-history":[{"count":0,"href":"https:\/\/usagers-transports.haut-allier.eu\/index.php\/wp-json\/wp\/v2\/posts\/434\/revisions"}],"wp:featuredmedia":[{"embeddable":true,"href":"https:\/\/usagers-transports.haut-allier.eu\/index.php\/wp-json\/wp\/v2\/media\/2292"}],"wp:attachment":[{"href":"https:\/\/usagers-transports.haut-allier.eu\/index.php\/wp-json\/wp\/v2\/media?parent=434"}],"wp:term":[{"taxonomy":"category","embeddable":true,"href":"https:\/\/usagers-transports.haut-allier.eu\/index.php\/wp-json\/wp\/v2\/categories?post=434"},{"taxonomy":"post_tag","embeddable":true,"href":"https:\/\/usagers-transports.haut-allier.eu\/index.php\/wp-json\/wp\/v2\/tags?post=434"}],"curies":[{"name":"wp","href":"https:\/\/api.w.org\/{rel}","templated":true}]}}