{"id":435,"date":"2018-01-30T13:29:56","date_gmt":"2018-01-30T12:29:56","guid":{"rendered":"http:\/\/5.45.101.177\/haut-allier\/usagers-transportse\/index.php\/2018\/01\/30\/ligne-du-train-cevenol-sncf-veut435\/"},"modified":"2018-01-30T13:29:56","modified_gmt":"2018-01-30T12:29:56","slug":"ligne-du-train-cevenol-sncf-veut435","status":"publish","type":"post","link":"https:\/\/usagers-transports.haut-allier.eu\/index.php\/2018\/01\/30\/ligne-du-train-cevenol-sncf-veut435\/","title":{"rendered":"Ligne du train C\u00e9venol : SNCF veut fermer la gare de Villefort"},"content":{"rendered":"<p>Apr\u00e8s le dernier d\u00e9part \u00e0 la retraite des agents en poste. Que se passera-t-il apr\u00e8s ? Des rumeurs persistantes indiquent que non seulement les guichets seraient ferm\u00e9s mais la gare enti\u00e8re. Le Collectif citoyen de d\u00e9fense de la gare et  le Comit\u00e9 de d\u00e9fense des services publics en Hautes C\u00e9vennes se mobilisent et ont adress\u00e9 une lettre ouverte aux \u00e9lus r\u00e9gionaux et locaux.<br \/>\n&nbsp;<br \/>\nVoici l&rsquo;article de Midi Libre :<br \/>\n&nbsp;<br \/>\n<img loading=\"lazy\" decoding=\"async\" class=\" aligncenter size-full wp-image-2294\" src=\"http:\/\/5.45.101.177\/haut-allier\/usagers-transportse\/wp-content\/uploads\/2018\/01\/3e9908-2147483648.jpg\" alt=\"3e9908-2147483648.jpg\" align=\"center\" width=\"1221\" height=\"1397\" srcset=\"https:\/\/usagers-transports.haut-allier.eu\/wp-content\/uploads\/2018\/01\/3e9908-2147483648.jpg 1221w, https:\/\/usagers-transports.haut-allier.eu\/wp-content\/uploads\/2018\/01\/3e9908-2147483648-262x300.jpg 262w, https:\/\/usagers-transports.haut-allier.eu\/wp-content\/uploads\/2018\/01\/3e9908-2147483648-895x1024.jpg 895w, https:\/\/usagers-transports.haut-allier.eu\/wp-content\/uploads\/2018\/01\/3e9908-2147483648-768x879.jpg 768w\" sizes=\"auto, (max-width: 1221px) 100vw, 1221px\" \/><\/p>\n","protected":false},"excerpt":{"rendered":"<p>Apr\u00e8s le dernier d\u00e9part \u00e0 la retraite des agents en poste. Que se passera-t-il apr\u00e8s ? Des rumeurs<\/p>\n","protected":false},"author":1,"featured_media":2293,"comment_status":"open","ping_status":"open","sticky":false,"template":"","format":"standard","meta":{"footnotes":""},"categories":[3],"tags":[],"class_list":["post-435","post","type-post","status-publish","format-standard","has-post-thumbnail","hentry","category-en-train"],"_links":{"self":[{"href":"https:\/\/usagers-transports.haut-allier.eu\/index.php\/wp-json\/wp\/v2\/posts\/435","targetHints":{"allow":["GET"]}}],"collection":[{"href":"https:\/\/usagers-transports.haut-allier.eu\/index.php\/wp-json\/wp\/v2\/posts"}],"about":[{"href":"https:\/\/usagers-transports.haut-allier.eu\/index.php\/wp-json\/wp\/v2\/types\/post"}],"author":[{"embeddable":true,"href":"https:\/\/usagers-transports.haut-allier.eu\/index.php\/wp-json\/wp\/v2\/users\/1"}],"replies":[{"embeddable":true,"href":"https:\/\/usagers-transports.haut-allier.eu\/index.php\/wp-json\/wp\/v2\/comments?post=435"}],"version-history":[{"count":0,"href":"https:\/\/usagers-transports.haut-allier.eu\/index.php\/wp-json\/wp\/v2\/posts\/435\/revisions"}],"wp:featuredmedia":[{"embeddable":true,"href":"https:\/\/usagers-transports.haut-allier.eu\/index.php\/wp-json\/wp\/v2\/media\/2293"}],"wp:attachment":[{"href":"https:\/\/usagers-transports.haut-allier.eu\/index.php\/wp-json\/wp\/v2\/media?parent=435"}],"wp:term":[{"taxonomy":"category","embeddable":true,"href":"https:\/\/usagers-transports.haut-allier.eu\/index.php\/wp-json\/wp\/v2\/categories?post=435"},{"taxonomy":"post_tag","embeddable":true,"href":"https:\/\/usagers-transports.haut-allier.eu\/index.php\/wp-json\/wp\/v2\/tags?post=435"}],"curies":[{"name":"wp","href":"https:\/\/api.w.org\/{rel}","templated":true}]}}