{"id":437,"date":"2018-02-06T07:58:00","date_gmt":"2018-02-06T06:58:00","guid":{"rendered":"http:\/\/5.45.101.177\/haut-allier\/usagers-transportse\/index.php\/2018\/02\/06\/une-carte-de-l-etat-des-lignes-du437\/"},"modified":"2018-02-06T07:58:00","modified_gmt":"2018-02-06T06:58:00","slug":"une-carte-de-l-etat-des-lignes-du437","status":"publish","type":"post","link":"https:\/\/usagers-transports.haut-allier.eu\/index.php\/2018\/02\/06\/une-carte-de-l-etat-des-lignes-du437\/","title":{"rendered":"Une carte de l&rsquo;\u00e9tat des lignes du quotidien en France"},"content":{"rendered":"<p>Le webzine \u00e9cologiste \u00ab\u00a0Reporterre\u00a0\u00bb vient de publier une carte qu&rsquo;il dit \u00eatre exclusive, carte qui renseigne sur l&rsquo;\u00e9tat \u00ab\u00a0r\u00e9el\u00a0\u00bb pr\u00e9cise-il, des lignes dites secondaires, du quotidien donc, en France.<br \/>\n&nbsp;<br \/>\nMalheureusement aucune surprise ni information suppl\u00e9mentaire, que ce que l&rsquo;on savait d\u00e9j\u00e0 depuis belle lurette. L&rsquo;article a n\u00e9anmoins le m\u00e9rite de r\u00e9unir plusieurs cartes SNCF dont celles des ralentissements occasionn\u00e9es par l&rsquo;\u00e9tat du r\u00e9seau non ou mal entretenu.<br \/>\n&nbsp;<br \/>\nOn peut consulter l&rsquo;article <a href=\"https:\/\/reporterre.net\/Exclusif-La-carte-de-l-etat-reel-des-trains-du-quotidien\"><strong>ici<\/strong><\/a>.<br \/>\n&nbsp;<br \/>\n<img loading=\"lazy\" decoding=\"async\" class=\" aligncenter size-full wp-image-2298\" src=\"http:\/\/5.45.101.177\/haut-allier\/usagers-transportse\/wp-content\/uploads\/2018\/02\/joxi_screenshot_1517898926668.png\" alt=\"joxi_screenshot_1517898926668.png\" align=\"center\" width=\"516\" height=\"315\" srcset=\"https:\/\/usagers-transports.haut-allier.eu\/wp-content\/uploads\/2018\/02\/joxi_screenshot_1517898926668.png 516w, https:\/\/usagers-transports.haut-allier.eu\/wp-content\/uploads\/2018\/02\/joxi_screenshot_1517898926668-300x183.png 300w\" sizes=\"auto, (max-width: 516px) 100vw, 516px\" \/><br \/>\n&nbsp;<\/p>\n","protected":false},"excerpt":{"rendered":"<p>Le webzine \u00e9cologiste \u00ab\u00a0Reporterre\u00a0\u00bb vient de publier une carte qu&rsquo;il dit \u00eatre exclusive, carte qui renseigne sur l&rsquo;\u00e9tat<\/p>\n","protected":false},"author":1,"featured_media":2297,"comment_status":"open","ping_status":"open","sticky":false,"template":"","format":"standard","meta":{"footnotes":""},"categories":[3],"tags":[],"class_list":["post-437","post","type-post","status-publish","format-standard","has-post-thumbnail","hentry","category-en-train"],"_links":{"self":[{"href":"https:\/\/usagers-transports.haut-allier.eu\/index.php\/wp-json\/wp\/v2\/posts\/437","targetHints":{"allow":["GET"]}}],"collection":[{"href":"https:\/\/usagers-transports.haut-allier.eu\/index.php\/wp-json\/wp\/v2\/posts"}],"about":[{"href":"https:\/\/usagers-transports.haut-allier.eu\/index.php\/wp-json\/wp\/v2\/types\/post"}],"author":[{"embeddable":true,"href":"https:\/\/usagers-transports.haut-allier.eu\/index.php\/wp-json\/wp\/v2\/users\/1"}],"replies":[{"embeddable":true,"href":"https:\/\/usagers-transports.haut-allier.eu\/index.php\/wp-json\/wp\/v2\/comments?post=437"}],"version-history":[{"count":0,"href":"https:\/\/usagers-transports.haut-allier.eu\/index.php\/wp-json\/wp\/v2\/posts\/437\/revisions"}],"wp:featuredmedia":[{"embeddable":true,"href":"https:\/\/usagers-transports.haut-allier.eu\/index.php\/wp-json\/wp\/v2\/media\/2297"}],"wp:attachment":[{"href":"https:\/\/usagers-transports.haut-allier.eu\/index.php\/wp-json\/wp\/v2\/media?parent=437"}],"wp:term":[{"taxonomy":"category","embeddable":true,"href":"https:\/\/usagers-transports.haut-allier.eu\/index.php\/wp-json\/wp\/v2\/categories?post=437"},{"taxonomy":"post_tag","embeddable":true,"href":"https:\/\/usagers-transports.haut-allier.eu\/index.php\/wp-json\/wp\/v2\/tags?post=437"}],"curies":[{"name":"wp","href":"https:\/\/api.w.org\/{rel}","templated":true}]}}