{"id":438,"date":"2018-02-11T22:31:38","date_gmt":"2018-02-11T21:31:38","guid":{"rendered":"http:\/\/5.45.101.177\/haut-allier\/usagers-transportse\/index.php\/2018\/02\/11\/abandon-du-massif-central-par-la438\/"},"modified":"2026-09-01T15:54:24","modified_gmt":"2026-09-01T13:54:24","slug":"abandon-du-massif-central-par-la438","status":"publish","type":"post","link":"https:\/\/usagers-transports.haut-allier.eu\/index.php\/2018\/02\/11\/abandon-du-massif-central-par-la438\/","title":{"rendered":"Abandon du Massif Central par la SNCF : ces gares principales transform\u00e9es en arr\u00eats de bus"},"content":{"rendered":"La SNCF n&rsquo;assure plus le service ferroviaire dans la plupart des gares du massif central. C&rsquo;est \u00e9difiant. Il \u00e9tait temps de faire un point sur l&rsquo;\u00e9tat de l&rsquo;abandon de ces gares par la soci\u00e9t\u00e9 dite ferroviaire, de plus en plus incapable d&rsquo;assurer son coeur de m\u00e9tier lorsque les conditions sont <em>\u00ab\u00a0d\u00e9licates\u00a0\u00bb<\/em>. La tendance \u00e0 baisser les bras et mettre des bus de substitution \u00e0 la moindre difficult\u00e9 s&rsquo;affirme. Au grand dam des usagers dans nos contr\u00e9es dot\u00e9es de routes sinueuses et touch\u00e9es par les al\u00e9as climatiques hivernaux.\n&nbsp;\n<img loading=\"lazy\" decoding=\"async\" class=\" aligncenter size-full wp-image-2300\" src=\"http:\/\/5.45.101.177\/haut-allier\/usagers-transportse\/wp-content\/uploads\/2018\/02\/carte-massif-central-bus.jpg\" alt=\"carte-massif-central-bus.jpg\" align=\"center\" width=\"623\" height=\"469\" srcset=\"https:\/\/usagers-transports.haut-allier.eu\/wp-content\/uploads\/2018\/02\/carte-massif-central-bus.jpg 623w, https:\/\/usagers-transports.haut-allier.eu\/wp-content\/uploads\/2018\/02\/carte-massif-central-bus-300x226.jpg 300w\" sizes=\"auto, (max-width: 623px) 100vw, 623px\" \/>\n&nbsp;\nVoici notre petite enqu\u00eate, un simple exercice effectu\u00e9 \u00e0 base des panneaux d&rsquo;affichage des d\u00e9parts et arriv\u00e9es de quelques gares d&rsquo;importance du massif central, des villes \u00e0 cheval sur l&rsquo;Occitanie, l&rsquo;Auvergne Rh\u00f4ne Alpes et la Nouvelle Aquitaine, toutes situ\u00e9es en zone de montagne. Toutes les captures d&rsquo;\u00e9cran ont \u00e9t\u00e9 faites le 11 f\u00e9vrier 2018 vers 18h.\n&nbsp;\n<img loading=\"lazy\" decoding=\"async\" class=\" aligncenter size-full wp-image-2301\" src=\"http:\/\/5.45.101.177\/haut-allier\/usagers-transportse\/wp-content\/uploads\/2018\/02\/cesontdesbus.jpg\" alt=\"cesontdesbus.jpg\" align=\"center\" width=\"640\" height=\"330\" srcset=\"https:\/\/usagers-transports.haut-allier.eu\/wp-content\/uploads\/2018\/02\/cesontdesbus.jpg 640w, https:\/\/usagers-transports.haut-allier.eu\/wp-content\/uploads\/2018\/02\/cesontdesbus-300x155.jpg 300w\" sizes=\"auto, (max-width: 640px) 100vw, 640px\" \/>\n&nbsp;\n<em>En bus n&rsquo;oubliez pas votre VOMIBAG&#8230;<\/em>\n<img loading=\"lazy\" decoding=\"async\" class=\" aligncenter size-full wp-image-2302\" src=\"http:\/\/5.45.101.177\/haut-allier\/usagers-transportse\/wp-content\/uploads\/2018\/02\/img_20160521_152308-19731.jpg\" alt=\"img_20160521_152308-19731.jpg\" align=\"center\" width=\"500\" height=\"425\" srcset=\"https:\/\/usagers-transports.haut-allier.eu\/wp-content\/uploads\/2018\/02\/img_20160521_152308-19731.jpg 500w, https:\/\/usagers-transports.haut-allier.eu\/wp-content\/uploads\/2018\/02\/img_20160521_152308-19731-300x255.jpg 300w\" sizes=\"auto, (max-width: 500px) 100vw, 500px\" \/>\n&nbsp;\n&nbsp;\n<strong> Gare de Thiers (Puy de D\u00f4me)<\/strong>\n&nbsp;\n<img loading=\"lazy\" decoding=\"async\" class=\" aligncenter size-full wp-image-2303\" src=\"http:\/\/5.45.101.177\/haut-allier\/usagers-transportse\/wp-content\/uploads\/2018\/02\/arrivees_et_departs_en_temps_reel_gares_connexions-thiers.png\" alt=\"arrivees_et_departs_en_temps_reel_gares_connexions-thiers.png\" align=\"center\" width=\"973\" height=\"1500\" srcset=\"https:\/\/usagers-transports.haut-allier.eu\/wp-content\/uploads\/2018\/02\/arrivees_et_departs_en_temps_reel_gares_connexions-thiers.png 973w, https:\/\/usagers-transports.haut-allier.eu\/wp-content\/uploads\/2018\/02\/arrivees_et_departs_en_temps_reel_gares_connexions-thiers-195x300.png 195w, https:\/\/usagers-transports.haut-allier.eu\/wp-content\/uploads\/2018\/02\/arrivees_et_departs_en_temps_reel_gares_connexions-thiers-664x1024.png 664w, https:\/\/usagers-transports.haut-allier.eu\/wp-content\/uploads\/2018\/02\/arrivees_et_departs_en_temps_reel_gares_connexions-thiers-768x1184.png 768w\" sizes=\"auto, (max-width: 973px) 100vw, 973px\" \/>\n<img loading=\"lazy\" decoding=\"async\" class=\" aligncenter size-full wp-image-2304\" src=\"http:\/\/5.45.101.177\/haut-allier\/usagers-transportse\/wp-content\/uploads\/2018\/02\/arrivees_et_departs_en_temps_reel_gares_connexions-thiers-a.png\" alt=\"arrivees_et_departs_en_temps_reel_gares_connexions-thiers-a.png\" align=\"center\" width=\"995\" height=\"1435\" srcset=\"https:\/\/usagers-transports.haut-allier.eu\/wp-content\/uploads\/2018\/02\/arrivees_et_departs_en_temps_reel_gares_connexions-thiers-a.png 995w, https:\/\/usagers-transports.haut-allier.eu\/wp-content\/uploads\/2018\/02\/arrivees_et_departs_en_temps_reel_gares_connexions-thiers-a-208x300.png 208w, https:\/\/usagers-transports.haut-allier.eu\/wp-content\/uploads\/2018\/02\/arrivees_et_departs_en_temps_reel_gares_connexions-thiers-a-710x1024.png 710w, https:\/\/usagers-transports.haut-allier.eu\/wp-content\/uploads\/2018\/02\/arrivees_et_departs_en_temps_reel_gares_connexions-thiers-a-768x1108.png 768w\" sizes=\"auto, (max-width: 995px) 100vw, 995px\" \/>\n&nbsp;\n<strong>Gare d&rsquo;Ussel (Corr\u00e8ze)<\/strong>\n&nbsp;\n<img loading=\"lazy\" decoding=\"async\" class=\" aligncenter size-full wp-image-2305\" src=\"http:\/\/5.45.101.177\/haut-allier\/usagers-transportse\/wp-content\/uploads\/2018\/02\/arrivees_et_departs_en_temps_reel_gares_connexions-ussel.png\" alt=\"arrivees_et_departs_en_temps_reel_gares_connexions-ussel.png\" align=\"center\" width=\"978\" height=\"1500\" srcset=\"https:\/\/usagers-transports.haut-allier.eu\/wp-content\/uploads\/2018\/02\/arrivees_et_departs_en_temps_reel_gares_connexions-ussel.png 978w, https:\/\/usagers-transports.haut-allier.eu\/wp-content\/uploads\/2018\/02\/arrivees_et_departs_en_temps_reel_gares_connexions-ussel-196x300.png 196w, https:\/\/usagers-transports.haut-allier.eu\/wp-content\/uploads\/2018\/02\/arrivees_et_departs_en_temps_reel_gares_connexions-ussel-668x1024.png 668w, https:\/\/usagers-transports.haut-allier.eu\/wp-content\/uploads\/2018\/02\/arrivees_et_departs_en_temps_reel_gares_connexions-ussel-768x1178.png 768w\" sizes=\"auto, (max-width: 978px) 100vw, 978px\" \/>\n<img loading=\"lazy\" decoding=\"async\" class=\" aligncenter size-full wp-image-2306\" src=\"http:\/\/5.45.101.177\/haut-allier\/usagers-transportse\/wp-content\/uploads\/2018\/02\/arrivees_et_departs_en_temps_reel_gares_connexions-ussel-a.png\" alt=\"arrivees_et_departs_en_temps_reel_gares_connexions-ussel-a.png\" align=\"center\" width=\"969\" height=\"1500\" srcset=\"https:\/\/usagers-transports.haut-allier.eu\/wp-content\/uploads\/2018\/02\/arrivees_et_departs_en_temps_reel_gares_connexions-ussel-a.png 969w, https:\/\/usagers-transports.haut-allier.eu\/wp-content\/uploads\/2018\/02\/arrivees_et_departs_en_temps_reel_gares_connexions-ussel-a-194x300.png 194w, https:\/\/usagers-transports.haut-allier.eu\/wp-content\/uploads\/2018\/02\/arrivees_et_departs_en_temps_reel_gares_connexions-ussel-a-662x1024.png 662w, https:\/\/usagers-transports.haut-allier.eu\/wp-content\/uploads\/2018\/02\/arrivees_et_departs_en_temps_reel_gares_connexions-ussel-a-768x1189.png 768w\" sizes=\"auto, (max-width: 969px) 100vw, 969px\" \/>\n&nbsp;\n<strong>Gare de Saint-Flour (Cantal)<\/strong>\n&nbsp;\n<img loading=\"lazy\" decoding=\"async\" class=\" aligncenter size-full wp-image-2307\" src=\"http:\/\/5.45.101.177\/haut-allier\/usagers-transportse\/wp-content\/uploads\/2018\/02\/arrivees_et_departs_en_temps_reel_gares_connexions.png\" alt=\"arrivees_et_departs_en_temps_reel_gares_connexions.png\" align=\"center\" width=\"944\" height=\"1500\" srcset=\"https:\/\/usagers-transports.haut-allier.eu\/wp-content\/uploads\/2018\/02\/arrivees_et_departs_en_temps_reel_gares_connexions.png 944w, https:\/\/usagers-transports.haut-allier.eu\/wp-content\/uploads\/2018\/02\/arrivees_et_departs_en_temps_reel_gares_connexions-189x300.png 189w, https:\/\/usagers-transports.haut-allier.eu\/wp-content\/uploads\/2018\/02\/arrivees_et_departs_en_temps_reel_gares_connexions-644x1024.png 644w, https:\/\/usagers-transports.haut-allier.eu\/wp-content\/uploads\/2018\/02\/arrivees_et_departs_en_temps_reel_gares_connexions-768x1220.png 768w\" sizes=\"auto, (max-width: 944px) 100vw, 944px\" \/>\n<img loading=\"lazy\" decoding=\"async\" class=\" aligncenter size-full wp-image-2308\" src=\"http:\/\/5.45.101.177\/haut-allier\/usagers-transportse\/wp-content\/uploads\/2018\/02\/arrivees_et_departs_en_temps_reel_gares_connexions-a.png\" alt=\"arrivees_et_departs_en_temps_reel_gares_connexions-a.png\" align=\"center\" width=\"940\" height=\"1500\" srcset=\"https:\/\/usagers-transports.haut-allier.eu\/wp-content\/uploads\/2018\/02\/arrivees_et_departs_en_temps_reel_gares_connexions-a.png 940w, https:\/\/usagers-transports.haut-allier.eu\/wp-content\/uploads\/2018\/02\/arrivees_et_departs_en_temps_reel_gares_connexions-a-188x300.png 188w, https:\/\/usagers-transports.haut-allier.eu\/wp-content\/uploads\/2018\/02\/arrivees_et_departs_en_temps_reel_gares_connexions-a-642x1024.png 642w, https:\/\/usagers-transports.haut-allier.eu\/wp-content\/uploads\/2018\/02\/arrivees_et_departs_en_temps_reel_gares_connexions-a-768x1226.png 768w\" sizes=\"auto, (max-width: 940px) 100vw, 940px\" \/>\n&nbsp;\n<strong>Gare de Langeac (Haute-Loire)<\/strong>\n&nbsp;\n<img loading=\"lazy\" decoding=\"async\" class=\" aligncenter size-full wp-image-2309\" src=\"http:\/\/5.45.101.177\/haut-allier\/usagers-transportse\/wp-content\/uploads\/2018\/02\/arrivees_et_departs_en_temps_reel_gares_connexions-langeac.png\" alt=\"arrivees_et_departs_en_temps_reel_gares_connexions-langeac.png\" align=\"center\" width=\"1000\" height=\"1183\" srcset=\"https:\/\/usagers-transports.haut-allier.eu\/wp-content\/uploads\/2018\/02\/arrivees_et_departs_en_temps_reel_gares_connexions-langeac.png 1000w, https:\/\/usagers-transports.haut-allier.eu\/wp-content\/uploads\/2018\/02\/arrivees_et_departs_en_temps_reel_gares_connexions-langeac-254x300.png 254w, https:\/\/usagers-transports.haut-allier.eu\/wp-content\/uploads\/2018\/02\/arrivees_et_departs_en_temps_reel_gares_connexions-langeac-866x1024.png 866w, https:\/\/usagers-transports.haut-allier.eu\/wp-content\/uploads\/2018\/02\/arrivees_et_departs_en_temps_reel_gares_connexions-langeac-768x909.png 768w\" sizes=\"auto, (max-width: 1000px) 100vw, 1000px\" \/>\n<img loading=\"lazy\" decoding=\"async\" class=\" aligncenter size-full wp-image-2310\" src=\"http:\/\/5.45.101.177\/haut-allier\/usagers-transportse\/wp-content\/uploads\/2018\/02\/arrivees_et_departs_en_temps_reel_gares_connexions-langeac-a.png\" alt=\"arrivees_et_departs_en_temps_reel_gares_connexions-langeac-a.png\" align=\"center\" width=\"1003\" height=\"1071\" srcset=\"https:\/\/usagers-transports.haut-allier.eu\/wp-content\/uploads\/2018\/02\/arrivees_et_departs_en_temps_reel_gares_connexions-langeac-a.png 1003w, https:\/\/usagers-transports.haut-allier.eu\/wp-content\/uploads\/2018\/02\/arrivees_et_departs_en_temps_reel_gares_connexions-langeac-a-281x300.png 281w, https:\/\/usagers-transports.haut-allier.eu\/wp-content\/uploads\/2018\/02\/arrivees_et_departs_en_temps_reel_gares_connexions-langeac-a-959x1024.png 959w, https:\/\/usagers-transports.haut-allier.eu\/wp-content\/uploads\/2018\/02\/arrivees_et_departs_en_temps_reel_gares_connexions-langeac-a-768x820.png 768w\" sizes=\"auto, (max-width: 1003px) 100vw, 1003px\" \/>\n&nbsp;\n<strong>Gare de Saint-Ch\u00e9ly d&rsquo;Apcher (Loz\u00e8re)<\/strong>\n&nbsp;\n<img loading=\"lazy\" decoding=\"async\" class=\" aligncenter size-full wp-image-2311\" src=\"http:\/\/5.45.101.177\/haut-allier\/usagers-transportse\/wp-content\/uploads\/2018\/02\/arrivees_et_departs_en_temps_reel_gares_connexions-stchely.png\" alt=\"arrivees_et_departs_en_temps_reel_gares_connexions-stchely.png\" align=\"center\" width=\"996\" height=\"1208\" srcset=\"https:\/\/usagers-transports.haut-allier.eu\/wp-content\/uploads\/2018\/02\/arrivees_et_departs_en_temps_reel_gares_connexions-stchely.png 996w, https:\/\/usagers-transports.haut-allier.eu\/wp-content\/uploads\/2018\/02\/arrivees_et_departs_en_temps_reel_gares_connexions-stchely-247x300.png 247w, https:\/\/usagers-transports.haut-allier.eu\/wp-content\/uploads\/2018\/02\/arrivees_et_departs_en_temps_reel_gares_connexions-stchely-844x1024.png 844w, https:\/\/usagers-transports.haut-allier.eu\/wp-content\/uploads\/2018\/02\/arrivees_et_departs_en_temps_reel_gares_connexions-stchely-768x931.png 768w\" sizes=\"auto, (max-width: 996px) 100vw, 996px\" \/>\n<img loading=\"lazy\" decoding=\"async\" class=\" aligncenter size-full wp-image-2311\" src=\"http:\/\/5.45.101.177\/haut-allier\/usagers-transportse\/wp-content\/uploads\/2018\/02\/arrivees_et_departs_en_temps_reel_gares_connexions-stchely.png\" alt=\"arrivees_et_departs_en_temps_reel_gares_connexions-stchely.png\" align=\"center\" width=\"996\" height=\"1208\" srcset=\"https:\/\/usagers-transports.haut-allier.eu\/wp-content\/uploads\/2018\/02\/arrivees_et_departs_en_temps_reel_gares_connexions-stchely.png 996w, https:\/\/usagers-transports.haut-allier.eu\/wp-content\/uploads\/2018\/02\/arrivees_et_departs_en_temps_reel_gares_connexions-stchely-247x300.png 247w, https:\/\/usagers-transports.haut-allier.eu\/wp-content\/uploads\/2018\/02\/arrivees_et_departs_en_temps_reel_gares_connexions-stchely-844x1024.png 844w, https:\/\/usagers-transports.haut-allier.eu\/wp-content\/uploads\/2018\/02\/arrivees_et_departs_en_temps_reel_gares_connexions-stchely-768x931.png 768w\" sizes=\"auto, (max-width: 996px) 100vw, 996px\" \/>\n&nbsp;\n<strong>Gare de Mende (Loz\u00e8re)<\/strong>\n&nbsp;\n<img loading=\"lazy\" decoding=\"async\" class=\" aligncenter size-full wp-image-2312\" src=\"http:\/\/5.45.101.177\/haut-allier\/usagers-transportse\/wp-content\/uploads\/2018\/02\/arrivees_et_departs_en_temps_reel_gares_connexions-mende.png\" alt=\"arrivees_et_departs_en_temps_reel_gares_connexions-mende.png\" align=\"center\" width=\"996\" height=\"1218\" srcset=\"https:\/\/usagers-transports.haut-allier.eu\/wp-content\/uploads\/2018\/02\/arrivees_et_departs_en_temps_reel_gares_connexions-mende.png 996w, https:\/\/usagers-transports.haut-allier.eu\/wp-content\/uploads\/2018\/02\/arrivees_et_departs_en_temps_reel_gares_connexions-mende-245x300.png 245w, https:\/\/usagers-transports.haut-allier.eu\/wp-content\/uploads\/2018\/02\/arrivees_et_departs_en_temps_reel_gares_connexions-mende-837x1024.png 837w, https:\/\/usagers-transports.haut-allier.eu\/wp-content\/uploads\/2018\/02\/arrivees_et_departs_en_temps_reel_gares_connexions-mende-768x939.png 768w\" sizes=\"auto, (max-width: 996px) 100vw, 996px\" \/>\n<img loading=\"lazy\" decoding=\"async\" class=\" aligncenter size-full wp-image-2312\" src=\"http:\/\/5.45.101.177\/haut-allier\/usagers-transportse\/wp-content\/uploads\/2018\/02\/arrivees_et_departs_en_temps_reel_gares_connexions-mende.png\" alt=\"arrivees_et_departs_en_temps_reel_gares_connexions-mende.png\" align=\"center\" width=\"996\" height=\"1218\" srcset=\"https:\/\/usagers-transports.haut-allier.eu\/wp-content\/uploads\/2018\/02\/arrivees_et_departs_en_temps_reel_gares_connexions-mende.png 996w, https:\/\/usagers-transports.haut-allier.eu\/wp-content\/uploads\/2018\/02\/arrivees_et_departs_en_temps_reel_gares_connexions-mende-245x300.png 245w, https:\/\/usagers-transports.haut-allier.eu\/wp-content\/uploads\/2018\/02\/arrivees_et_departs_en_temps_reel_gares_connexions-mende-837x1024.png 837w, https:\/\/usagers-transports.haut-allier.eu\/wp-content\/uploads\/2018\/02\/arrivees_et_departs_en_temps_reel_gares_connexions-mende-768x939.png 768w\" sizes=\"auto, (max-width: 996px) 100vw, 996px\" \/>\n&nbsp;\n<strong>Gare de Millau (Aveyron)<\/strong>\n&nbsp;\n<img loading=\"lazy\" decoding=\"async\" class=\" aligncenter size-full wp-image-2313\" src=\"http:\/\/5.45.101.177\/haut-allier\/usagers-transportse\/wp-content\/uploads\/2018\/02\/arrivees_et_departs_en_temps_reel_gares_connexions-millau.png\" alt=\"arrivees_et_departs_en_temps_reel_gares_connexions-millau.png\" align=\"center\" width=\"972\" height=\"1500\" srcset=\"https:\/\/usagers-transports.haut-allier.eu\/wp-content\/uploads\/2018\/02\/arrivees_et_departs_en_temps_reel_gares_connexions-millau.png 972w, https:\/\/usagers-transports.haut-allier.eu\/wp-content\/uploads\/2018\/02\/arrivees_et_departs_en_temps_reel_gares_connexions-millau-194x300.png 194w, https:\/\/usagers-transports.haut-allier.eu\/wp-content\/uploads\/2018\/02\/arrivees_et_departs_en_temps_reel_gares_connexions-millau-664x1024.png 664w, https:\/\/usagers-transports.haut-allier.eu\/wp-content\/uploads\/2018\/02\/arrivees_et_departs_en_temps_reel_gares_connexions-millau-768x1185.png 768w\" sizes=\"auto, (max-width: 972px) 100vw, 972px\" \/>\n<img loading=\"lazy\" decoding=\"async\" class=\" aligncenter size-full wp-image-2314\" src=\"http:\/\/5.45.101.177\/haut-allier\/usagers-transportse\/wp-content\/uploads\/2018\/02\/arrivees_et_departs_en_temps_reel_gares_connexions-millau-a.png\" alt=\"arrivees_et_departs_en_temps_reel_gares_connexions-millau-a.png\" align=\"center\" width=\"977\" height=\"1500\" srcset=\"https:\/\/usagers-transports.haut-allier.eu\/wp-content\/uploads\/2018\/02\/arrivees_et_departs_en_temps_reel_gares_connexions-millau-a.png 977w, https:\/\/usagers-transports.haut-allier.eu\/wp-content\/uploads\/2018\/02\/arrivees_et_departs_en_temps_reel_gares_connexions-millau-a-195x300.png 195w, https:\/\/usagers-transports.haut-allier.eu\/wp-content\/uploads\/2018\/02\/arrivees_et_departs_en_temps_reel_gares_connexions-millau-a-667x1024.png 667w, https:\/\/usagers-transports.haut-allier.eu\/wp-content\/uploads\/2018\/02\/arrivees_et_departs_en_temps_reel_gares_connexions-millau-a-768x1179.png 768w\" sizes=\"auto, (max-width: 977px) 100vw, 977px\" \/>\n&nbsp;\n<strong>Faites le compte des trains affich\u00e9s : Ces gares sont bien devenues des arr\u00eats de bus avant tout !<\/strong>\n&nbsp;<p>&nbsp;<\/p>\n\n\t<figure class=\"wp-block-gallery columns-2 is-cropped wp-block-gallery-1 is-layout-flex wp-block-gallery-is-layout-flex\">\n\t\t<ul class=\"blocks-gallery-grid\">\n\t\t\t<li class=\"blocks-gallery-item\">\n\t\t\t\t<figure>\n\t\t\t\t\t\t\t\t\t\t\t<img loading=\"lazy\" decoding=\"async\" width=\"1010\" height=\"1155\" src=\"http:\/\/5.45.101.177\/haut-allier\/usagers-transportse\/wp-content\/uploads\/2018\/02\/arrivees_et_departs_en_temps_reel_gares_connexions-mende-a.png\"\n\t\t\t\t\t\t alt=\"arrivees_et_departs_en_temps_reel_gares_connexions-mende-a.png\"\n\t\t\t\t\t\t data-id=\"2315\"\n\t\t\t\t\t\t data-full-url=\"http:\/\/5.45.101.177\/haut-allier\/usagers-transportse\/wp-content\/uploads\/2018\/02\/arrivees_et_departs_en_temps_reel_gares_connexions-mende-a.png\"\n\t\t\t\t\t\t data-link=\"http:\/\/5.45.101.177\/haut-allier\/usagers-transportse\/attachment-arrivees_et_departs_en_temps_reel_gares_connexions-mende-a-png\/\"\n\t\t\t\t\t\t class=\"wp-image-2315\" srcset=\"https:\/\/usagers-transports.haut-allier.eu\/wp-content\/uploads\/2018\/02\/arrivees_et_departs_en_temps_reel_gares_connexions-mende-a.png 1010w, https:\/\/usagers-transports.haut-allier.eu\/wp-content\/uploads\/2018\/02\/arrivees_et_departs_en_temps_reel_gares_connexions-mende-a-262x300.png 262w, https:\/\/usagers-transports.haut-allier.eu\/wp-content\/uploads\/2018\/02\/arrivees_et_departs_en_temps_reel_gares_connexions-mende-a-895x1024.png 895w, https:\/\/usagers-transports.haut-allier.eu\/wp-content\/uploads\/2018\/02\/arrivees_et_departs_en_temps_reel_gares_connexions-mende-a-768x878.png 768w\" sizes=\"auto, (max-width: 1010px) 100vw, 1010px\" \/>\n\t\t\t\t<\/figure>\n\t\t\t<\/li>\n\t\t\t<li class=\"blocks-gallery-item\">\n\t\t\t\t<figure>\n\t\t\t\t\t\t\t\t\t\t\t<img loading=\"lazy\" decoding=\"async\" width=\"995\" height=\"1096\" src=\"http:\/\/5.45.101.177\/haut-allier\/usagers-transportse\/wp-content\/uploads\/2018\/02\/arrivees_et_departs_en_temps_reel_gares_connexions-stchely-a.png\"\n\t\t\t\t\t\t alt=\"arrivees_et_departs_en_temps_reel_gares_connexions-stchely-a.png\"\n\t\t\t\t\t\t data-id=\"2316\"\n\t\t\t\t\t\t data-full-url=\"http:\/\/5.45.101.177\/haut-allier\/usagers-transportse\/wp-content\/uploads\/2018\/02\/arrivees_et_departs_en_temps_reel_gares_connexions-stchely-a.png\"\n\t\t\t\t\t\t data-link=\"http:\/\/5.45.101.177\/haut-allier\/usagers-transportse\/attachment-arrivees_et_departs_en_temps_reel_gares_connexions-stchely-a-png\/\"\n\t\t\t\t\t\t class=\"wp-image-2316\" srcset=\"https:\/\/usagers-transports.haut-allier.eu\/wp-content\/uploads\/2018\/02\/arrivees_et_departs_en_temps_reel_gares_connexions-stchely-a.png 995w, https:\/\/usagers-transports.haut-allier.eu\/wp-content\/uploads\/2018\/02\/arrivees_et_departs_en_temps_reel_gares_connexions-stchely-a-272x300.png 272w, https:\/\/usagers-transports.haut-allier.eu\/wp-content\/uploads\/2018\/02\/arrivees_et_departs_en_temps_reel_gares_connexions-stchely-a-930x1024.png 930w, https:\/\/usagers-transports.haut-allier.eu\/wp-content\/uploads\/2018\/02\/arrivees_et_departs_en_temps_reel_gares_connexions-stchely-a-768x846.png 768w\" sizes=\"auto, (max-width: 995px) 100vw, 995px\" \/>\n\t\t\t\t<\/figure>\n\t\t\t<\/li>\n\t\t<\/ul>\n\t<\/figure>\n","protected":false},"excerpt":{"rendered":"<p>La SNCF n&rsquo;assure plus le service ferroviaire dans la plupart des gares du massif central. C&rsquo;est \u00e9difiant. Il<\/p>\n","protected":false},"author":1,"featured_media":2299,"comment_status":"open","ping_status":"open","sticky":false,"template":"","format":"standard","meta":{"footnotes":""},"categories":[3],"tags":[],"class_list":["post-438","post","type-post","status-publish","format-standard","has-post-thumbnail","hentry","category-en-train"],"_links":{"self":[{"href":"https:\/\/usagers-transports.haut-allier.eu\/index.php\/wp-json\/wp\/v2\/posts\/438","targetHints":{"allow":["GET"]}}],"collection":[{"href":"https:\/\/usagers-transports.haut-allier.eu\/index.php\/wp-json\/wp\/v2\/posts"}],"about":[{"href":"https:\/\/usagers-transports.haut-allier.eu\/index.php\/wp-json\/wp\/v2\/types\/post"}],"author":[{"embeddable":true,"href":"https:\/\/usagers-transports.haut-allier.eu\/index.php\/wp-json\/wp\/v2\/users\/1"}],"replies":[{"embeddable":true,"href":"https:\/\/usagers-transports.haut-allier.eu\/index.php\/wp-json\/wp\/v2\/comments?post=438"}],"version-history":[{"count":1,"href":"https:\/\/usagers-transports.haut-allier.eu\/index.php\/wp-json\/wp\/v2\/posts\/438\/revisions"}],"predecessor-version":[{"id":2317,"href":"https:\/\/usagers-transports.haut-allier.eu\/index.php\/wp-json\/wp\/v2\/posts\/438\/revisions\/2317"}],"wp:featuredmedia":[{"embeddable":true,"href":"https:\/\/usagers-transports.haut-allier.eu\/index.php\/wp-json\/wp\/v2\/media\/2299"}],"wp:attachment":[{"href":"https:\/\/usagers-transports.haut-allier.eu\/index.php\/wp-json\/wp\/v2\/media?parent=438"}],"wp:term":[{"taxonomy":"category","embeddable":true,"href":"https:\/\/usagers-transports.haut-allier.eu\/index.php\/wp-json\/wp\/v2\/categories?post=438"},{"taxonomy":"post_tag","embeddable":true,"href":"https:\/\/usagers-transports.haut-allier.eu\/index.php\/wp-json\/wp\/v2\/tags?post=438"}],"curies":[{"name":"wp","href":"https:\/\/api.w.org\/{rel}","templated":true}]}}