{"id":439,"date":"2018-02-13T07:42:09","date_gmt":"2018-02-13T06:42:09","guid":{"rendered":"http:\/\/5.45.101.177\/haut-allier\/usagers-transportse\/index.php\/2018\/02\/13\/ligne-du-train-aubrac-compte-rendu439\/"},"modified":"2018-02-13T07:42:09","modified_gmt":"2018-02-13T06:42:09","slug":"ligne-du-train-aubrac-compte-rendu439","status":"publish","type":"post","link":"https:\/\/usagers-transports.haut-allier.eu\/index.php\/2018\/02\/13\/ligne-du-train-aubrac-compte-rendu439\/","title":{"rendered":"Ligne du train Aubrac : compte-rendu de la r\u00e9union de Saint-Flour"},"content":{"rendered":"<p>On peut le lire dans la <a href=\"https:\/\/www.lamontagne.fr\/saint-flour\/ruralite\/transport\/2018\/02\/12\/cinq-pistes-evoquees-pour-l-avenir-du-train-aubrac-qui-relie-neussargues-a-beziers_12736016.html\">Montagne du 12 f\u00e9vrier<\/a> : <em>\u00ab\u00a0Cinq pistes \u00e9voqu\u00e9es pour l&rsquo;avenir du train Aubrac qui relie Neussargues \u00e0 B\u00e9ziers\u00a0\u00bb<\/em>, nous dirons plut\u00f4t de notre c\u00f4t\u00e9, 5 id\u00e9es vagues lanc\u00e9es un peu en l&rsquo;air. S&rsquo;il y a des concr\u00e9tisations tant mieux bien s\u00fbr et il semble enfin qu&rsquo;une forte volont\u00e9 se d\u00e9gage d&rsquo;apr\u00e8s l&rsquo;article (cliquer). Il \u00e9tait grand temps.<br \/>\n&nbsp;<br \/>\n<img loading=\"lazy\" decoding=\"async\" class=\" aligncenter size-full wp-image-2319\" src=\"http:\/\/5.45.101.177\/haut-allier\/usagers-transportse\/wp-content\/uploads\/2018\/02\/montagne-aubrac-brut-scaled.png\" alt=\"montagne-aubrac-brut.png\" align=\"center\" width=\"306\" height=\"2560\" srcset=\"https:\/\/usagers-transports.haut-allier.eu\/wp-content\/uploads\/2018\/02\/montagne-aubrac-brut-scaled.png 306w, https:\/\/usagers-transports.haut-allier.eu\/wp-content\/uploads\/2018\/02\/montagne-aubrac-brut-36x300.png 36w\" sizes=\"auto, (max-width: 306px) 100vw, 306px\" \/><br \/>\n&nbsp;<\/p>\n","protected":false},"excerpt":{"rendered":"<p>On peut le lire dans la Montagne du 12 f\u00e9vrier : \u00ab\u00a0Cinq pistes \u00e9voqu\u00e9es pour l&rsquo;avenir du train<\/p>\n","protected":false},"author":1,"featured_media":2318,"comment_status":"open","ping_status":"open","sticky":false,"template":"","format":"standard","meta":{"footnotes":""},"categories":[3],"tags":[],"class_list":["post-439","post","type-post","status-publish","format-standard","has-post-thumbnail","hentry","category-en-train"],"_links":{"self":[{"href":"https:\/\/usagers-transports.haut-allier.eu\/index.php\/wp-json\/wp\/v2\/posts\/439","targetHints":{"allow":["GET"]}}],"collection":[{"href":"https:\/\/usagers-transports.haut-allier.eu\/index.php\/wp-json\/wp\/v2\/posts"}],"about":[{"href":"https:\/\/usagers-transports.haut-allier.eu\/index.php\/wp-json\/wp\/v2\/types\/post"}],"author":[{"embeddable":true,"href":"https:\/\/usagers-transports.haut-allier.eu\/index.php\/wp-json\/wp\/v2\/users\/1"}],"replies":[{"embeddable":true,"href":"https:\/\/usagers-transports.haut-allier.eu\/index.php\/wp-json\/wp\/v2\/comments?post=439"}],"version-history":[{"count":0,"href":"https:\/\/usagers-transports.haut-allier.eu\/index.php\/wp-json\/wp\/v2\/posts\/439\/revisions"}],"wp:featuredmedia":[{"embeddable":true,"href":"https:\/\/usagers-transports.haut-allier.eu\/index.php\/wp-json\/wp\/v2\/media\/2318"}],"wp:attachment":[{"href":"https:\/\/usagers-transports.haut-allier.eu\/index.php\/wp-json\/wp\/v2\/media?parent=439"}],"wp:term":[{"taxonomy":"category","embeddable":true,"href":"https:\/\/usagers-transports.haut-allier.eu\/index.php\/wp-json\/wp\/v2\/categories?post=439"},{"taxonomy":"post_tag","embeddable":true,"href":"https:\/\/usagers-transports.haut-allier.eu\/index.php\/wp-json\/wp\/v2\/tags?post=439"}],"curies":[{"name":"wp","href":"https:\/\/api.w.org\/{rel}","templated":true}]}}