{"id":44,"date":"2013-03-24T09:23:16","date_gmt":"2013-03-24T08:23:16","guid":{"rendered":"http:\/\/5.45.101.177\/haut-allier\/usagers-transportse\/index.php\/2013\/03\/24\/manifestation-a-vichy-contre-le044\/"},"modified":"2013-03-24T09:23:16","modified_gmt":"2013-03-24T08:23:16","slug":"manifestation-a-vichy-contre-le044","status":"publish","type":"post","link":"https:\/\/usagers-transports.haut-allier.eu\/index.php\/2013\/03\/24\/manifestation-a-vichy-contre-le044\/","title":{"rendered":"Manifestation \u00e0 Vichy contre le nouveau Paris Clermont direct \u00e0 18 heures"},"content":{"rendered":"<p>Le train \u00ab\u00a0Volcan\u00a0\u00bb partant de Paris \u00e0 18 h ne s&rsquo;arr\u00eatera plus ni \u00e0 Vichy ni \u00e0 Moulins ni \u00e0 Nevers. Une manifestation \u00e9tait organis\u00e9e \u00e0 Vichy ce 22 mars 2013. Une autre est pr\u00e9vue \u00e0 Moulins puis \u00e0 Nevers.<\/p>\n<p>Un \u00ab\u00a0service\u00a0\u00bb de plus en plus d\u00e9faillant de la SNCF qui nous fait nous demander une nouvelle fois si la reconduite de Guillaume P\u00e9py, au double discours entretenu, \u00e0 la t\u00eate de la soci\u00e9t\u00e9 nationale de chemins de fer n&rsquo;est pas une grosse erreur. Tout le r\u00e9seau hors TGV est impact\u00e9 par sa politique d&rsquo;abandon.<\/p>\n<p>L&rsquo;<a href=\"http:\/\/www.lamontagne.fr\/auvergne\/actualite\/departement\/allier\/vichy\/2013\/03\/22\/une-centaine-de-manifestants-etaient-reunis-pour-bloquer-le-volcan-1487350.html\">article<\/a> en entier sur La Montagne.<\/p>\n","protected":false},"excerpt":{"rendered":"<p>Le train \u00ab\u00a0Volcan\u00a0\u00bb partant de Paris \u00e0 18 h ne s&rsquo;arr\u00eatera plus ni \u00e0 Vichy ni \u00e0 Moulins<\/p>\n","protected":false},"author":1,"featured_media":0,"comment_status":"closed","ping_status":"open","sticky":false,"template":"","format":"standard","meta":{"footnotes":""},"categories":[2],"tags":[],"class_list":["post-44","post","type-post","status-publish","format-standard","hentry","category-infos"],"_links":{"self":[{"href":"https:\/\/usagers-transports.haut-allier.eu\/index.php\/wp-json\/wp\/v2\/posts\/44","targetHints":{"allow":["GET"]}}],"collection":[{"href":"https:\/\/usagers-transports.haut-allier.eu\/index.php\/wp-json\/wp\/v2\/posts"}],"about":[{"href":"https:\/\/usagers-transports.haut-allier.eu\/index.php\/wp-json\/wp\/v2\/types\/post"}],"author":[{"embeddable":true,"href":"https:\/\/usagers-transports.haut-allier.eu\/index.php\/wp-json\/wp\/v2\/users\/1"}],"replies":[{"embeddable":true,"href":"https:\/\/usagers-transports.haut-allier.eu\/index.php\/wp-json\/wp\/v2\/comments?post=44"}],"version-history":[{"count":0,"href":"https:\/\/usagers-transports.haut-allier.eu\/index.php\/wp-json\/wp\/v2\/posts\/44\/revisions"}],"wp:attachment":[{"href":"https:\/\/usagers-transports.haut-allier.eu\/index.php\/wp-json\/wp\/v2\/media?parent=44"}],"wp:term":[{"taxonomy":"category","embeddable":true,"href":"https:\/\/usagers-transports.haut-allier.eu\/index.php\/wp-json\/wp\/v2\/categories?post=44"},{"taxonomy":"post_tag","embeddable":true,"href":"https:\/\/usagers-transports.haut-allier.eu\/index.php\/wp-json\/wp\/v2\/tags?post=44"}],"curies":[{"name":"wp","href":"https:\/\/api.w.org\/{rel}","templated":true}]}}