{"id":440,"date":"2018-02-15T07:30:11","date_gmt":"2018-02-15T06:30:11","guid":{"rendered":"http:\/\/5.45.101.177\/haut-allier\/usagers-transportse\/index.php\/2018\/02\/15\/les-retards-de-la-sncf-c-est440\/"},"modified":"2018-02-15T07:30:11","modified_gmt":"2018-02-15T06:30:11","slug":"les-retards-de-la-sncf-c-est440","status":"publish","type":"post","link":"https:\/\/usagers-transports.haut-allier.eu\/index.php\/2018\/02\/15\/les-retards-de-la-sncf-c-est440\/","title":{"rendered":"Les retards de la SNCF&#8230; c&rsquo;est vraiment insupportable"},"content":{"rendered":"<p>Nos amis de l&rsquo;association des usagers de la SNCF du Gard et des d\u00e9partements limitrophes nous donnent de bons conseils pour tuer le temps en cas de retard&#8230;<br \/>\n&nbsp;<br \/>\nLes retards &#8230; c&rsquo;est vraiment insupportable surtout quand on a besoin de ponctualit\u00e9 pour faire la cuisine &#8230; Vous ne comprenez pas ? Alors regardez cette petite vid\u00e9o ici.<br \/>\n&nbsp;<br \/>\n<iframe loading=\"lazy\" width=\"480\" height=\"270\" src=\"https:\/\/www.youtube.com\/embed\/U9MTyeVu2VQ\" frameborder=\"0\" allow=\"autoplay; encrypted-media\" allowfullscreen><\/iframe><br \/>\n&nbsp;<br \/>\nSi vous avez un retard de plus de 15 minutes (ce qui est assez fr\u00e9quent ces derniers temps) et une bonne connexion dans votre train \u00e0 quai &#8230; Un petit lien bien sympa<br \/>\n&nbsp;<br \/>\n<iframe loading=\"lazy\" frameborder=\"0\" width=\"480\" height=\"270\" src=\"\/\/www.dailymotion.com\/embed\/video\/x36e2oe\" allowfullscreen allow=\"autoplay\"><\/iframe><br \/>\n&nbsp;<br \/>\nEt vraiment pour les tr\u00e8s tr\u00e8s tr\u00e8s gros retards &#8230; Ce reportage historique<br \/>\n&nbsp;<br \/>\n<iframe loading=\"lazy\" width=\"480\" height=\"270\" src=\"https:\/\/www.youtube.com\/embed\/K8xoMU54s_0\" frameborder=\"0\" allow=\"autoplay; encrypted-media\" allowfullscreen><\/iframe><br \/>\n&nbsp;<br \/>\nEn prime une <a href=\"https:\/\/www.change.org\/p\/sncf-pour-du-stationnement-suppl%C3%A9mentaire-en-gare-de-villefranche-de-lauragais\">p\u00e9tition pour l&rsquo;am\u00e9lioration du parking de Villefranche de Lauragais<\/a> que je vous encourage \u00e0 signer, \u00ab\u00a0sans parkings point de transporting\u00a0\u00bb.<\/p>\n","protected":false},"excerpt":{"rendered":"<p>Nos amis de l&rsquo;association des usagers de la SNCF du Gard et des d\u00e9partements limitrophes nous donnent de<\/p>\n","protected":false},"author":1,"featured_media":2320,"comment_status":"open","ping_status":"open","sticky":false,"template":"","format":"standard","meta":{"footnotes":""},"categories":[3],"tags":[],"class_list":["post-440","post","type-post","status-publish","format-standard","has-post-thumbnail","hentry","category-en-train"],"_links":{"self":[{"href":"https:\/\/usagers-transports.haut-allier.eu\/index.php\/wp-json\/wp\/v2\/posts\/440","targetHints":{"allow":["GET"]}}],"collection":[{"href":"https:\/\/usagers-transports.haut-allier.eu\/index.php\/wp-json\/wp\/v2\/posts"}],"about":[{"href":"https:\/\/usagers-transports.haut-allier.eu\/index.php\/wp-json\/wp\/v2\/types\/post"}],"author":[{"embeddable":true,"href":"https:\/\/usagers-transports.haut-allier.eu\/index.php\/wp-json\/wp\/v2\/users\/1"}],"replies":[{"embeddable":true,"href":"https:\/\/usagers-transports.haut-allier.eu\/index.php\/wp-json\/wp\/v2\/comments?post=440"}],"version-history":[{"count":0,"href":"https:\/\/usagers-transports.haut-allier.eu\/index.php\/wp-json\/wp\/v2\/posts\/440\/revisions"}],"wp:featuredmedia":[{"embeddable":true,"href":"https:\/\/usagers-transports.haut-allier.eu\/index.php\/wp-json\/wp\/v2\/media\/2320"}],"wp:attachment":[{"href":"https:\/\/usagers-transports.haut-allier.eu\/index.php\/wp-json\/wp\/v2\/media?parent=440"}],"wp:term":[{"taxonomy":"category","embeddable":true,"href":"https:\/\/usagers-transports.haut-allier.eu\/index.php\/wp-json\/wp\/v2\/categories?post=440"},{"taxonomy":"post_tag","embeddable":true,"href":"https:\/\/usagers-transports.haut-allier.eu\/index.php\/wp-json\/wp\/v2\/tags?post=440"}],"curies":[{"name":"wp","href":"https:\/\/api.w.org\/{rel}","templated":true}]}}