{"id":441,"date":"2018-02-20T21:35:57","date_gmt":"2018-02-20T20:35:57","guid":{"rendered":"http:\/\/5.45.101.177\/haut-allier\/usagers-transportse\/index.php\/2018\/02\/20\/rapport-spinetta-et-lignes-du441\/"},"modified":"2018-02-20T21:35:57","modified_gmt":"2018-02-20T20:35:57","slug":"rapport-spinetta-et-lignes-du441","status":"publish","type":"post","link":"https:\/\/usagers-transports.haut-allier.eu\/index.php\/2018\/02\/20\/rapport-spinetta-et-lignes-du441\/","title":{"rendered":"Rapport Spinetta et lignes du quotidien : AURA et Occitanie r\u00e9agissent"},"content":{"rendered":"<p>Comme vous devez le savoir cet \u00e9ni\u00e8me rapport sur l&rsquo;\u00e9tat du ferroviaire en France recommande carr\u00e9ment la suppression des lignes normales irriguant les territoires et la conservation unique des dessertes des m\u00e9tropoles. Autrement dit : la transformation des trains en RER de banlieues pour accentuer la d\u00e9sertification rurale et la fuite des habitants vers les miroirs aux alouettes.<br \/>\n&nbsp;<br \/>\nDans le massif central et l&rsquo;Auvergne la majorit\u00e9 des lignes est menac\u00e9e par ce triste document.<br \/>\n&nbsp;<br \/>\nCi-dessous la carte \u00ab\u00a0des fr\u00e9quentations par ligne de SNCF R\u00e9seau\u00a0\u00bb. On y voit que les 3\/4 du r\u00e9seau du quotidien sont concern\u00e9s par la demande d&rsquo;\u00e9limination du rapport. Ce qu&rsquo;on oublie c&rsquo;est qu&rsquo;un r\u00e9seau est un r\u00e9seau, et un syst\u00e8me de trains compos\u00e9 de lignes en cul de sac non interconnect\u00e9es est plus qu&rsquo;aberrant. Il faut absolument que la ligne des C\u00e9vennes revienne \u00e0 Marseille pour la rebooster. Ce qu&rsquo;a fait Pipo en supprimant son terminus d&rsquo;origine est un acte de pur vandalisme.<br \/>\n&nbsp;<br \/>\n<strong>Non, on entend de plus en plus souvent que la faute doit \u00eatre attribu\u00e9e \u00e0 l&rsquo;\u00e9tat, c&rsquo;est faux. Notre pire ennemi c&rsquo;est P\u00e9py, un ma\u00eetre dans l&rsquo;art du mensonge qui lui a permis de mener \u00e0 bien son oeuvre destructrice et de grignotage du r\u00e9seau ferr\u00e9 du quotidien. <\/strong><br \/>\n&nbsp;<br \/>\n<img loading=\"lazy\" decoding=\"async\" class=\" aligncenter size-full wp-image-2322\" src=\"http:\/\/5.45.101.177\/haut-allier\/usagers-transportse\/wp-content\/uploads\/2018\/02\/cartefrequentation-huffington.jpg\" alt=\"cartefrequentation-huffington.jpg\" align=\"center\" width=\"803\" height=\"443\" srcset=\"https:\/\/usagers-transports.haut-allier.eu\/wp-content\/uploads\/2018\/02\/cartefrequentation-huffington.jpg 803w, https:\/\/usagers-transports.haut-allier.eu\/wp-content\/uploads\/2018\/02\/cartefrequentation-huffington-300x166.jpg 300w, https:\/\/usagers-transports.haut-allier.eu\/wp-content\/uploads\/2018\/02\/cartefrequentation-huffington-768x424.jpg 768w\" sizes=\"auto, (max-width: 803px) 100vw, 803px\" \/><br \/>\n&nbsp;<br \/>\nToutes les r\u00e9gions, y compris AURA, Nouvelle Aquitaine et surtout Occitanie, qui financent les infrastructures \u00e0 une hauteur non n\u00e9gligeable et bien s\u00fbr le mat\u00e9riel roulant qui transporte les voyageurs, sont vent debout et attendent les d\u00e9cisions d\u00e9finitives du gouvernement attendues dans les jours prochains. La pr\u00e9sidente d&rsquo;Occitanie Carole Delga a elle aussi r\u00e9agit, le minable Weau, pr\u00e9sident de Rh\u00f4ne Alpes Auvergne, a d&rsquo;autres chats \u00e0 fouetter lui \u00e0 Paris.<br \/>\n&nbsp;<br \/>\nVoici d&rsquo;abord un reportage sur les lignes de Loz\u00e8re, assez mal fichu on doit le dire, de France 3 Occitanie Montpellier, qui m\u00e9lange Aubrac et C\u00e9venol, diffus\u00e9 ce mardi 20 f\u00e9vrier.<br \/>\n&nbsp;<br \/>\nEn voici le script :<br \/>\n&nbsp;<\/p>\n<p>[(<br \/>\nEn Loz\u00e8re les petites lignes ferroviaires sont menac\u00e9es si le rapport de l&rsquo;ancien patron d&rsquo;Air France Jean-Cyril Spinetta est suivi. Cela entra\u00eenerait un d\u00e9sert du rail dans le d\u00e9partement, alors forc\u00e9ment usagers et \u00e9lus s&rsquo;inqui\u00e8tent. R\u00e9actions.<br \/>\n&nbsp;<br \/>\nC&rsquo;est l&rsquo;un des derniers trains passant par la Loz\u00e8re, le C\u00e9venol relie l\u2019H\u00e9rault au Cantal. Il est aujourd\u2019hui menac\u00e9. Pas assez fr\u00e9quent\u00e9, pas assez rentable, il est pourtant indispensable.<br \/>\n&nbsp;<br \/>\n<em>\u00ab\u00a0C&rsquo;est la vie de nos coins \u00e7a, pour pouvoir aller d&rsquo;un bout \u00e0 l&rsquo;autre, d&rsquo;un coin \u00e0 un autre, c&rsquo;est vraiment pratique.\u00a0\u00bb   <\/em><br \/>\n&nbsp;<br \/>\nGuy Malaval, Pr\u00e9sident de l&rsquo;association des \u00e9lus pour la d\u00e9fense du C\u00e9venol :<br \/>\n<em>\u00ab\u00a0Nous n&rsquo;avons pas nous ici au c\u0153ur de la Loz\u00e8re et aux confins de la Haute-Loire et de l&rsquo;Ard\u00e8che, tous ces territoires de montagne, nous n&rsquo;avons pas d&rsquo;autres alternatives\u00a0! On n&rsquo;a pas la route, on n&rsquo;a pas un TGV \u00e0 demie heure ou m\u00eame \u00e0 trois quarts d&rsquo;heure, il faut aller chercher un TGV \u00e0 deux heures et demie. Donc quelque part nous sommes compl\u00e8tement enclav\u00e9s si nous n&rsquo;avons pas le train\u00a0!\u00a0\u00bb  <\/em><br \/>\n&nbsp;<br \/>\nL&rsquo;Aubrac relie B\u00e9ziers \u00e0 Clermont-Ferrand, elle fait partie de ces petites lignes vis\u00e9es par le rapport Spinetta. Leur fonctionnement co\u00fbte 1,2 milliard d&rsquo;euros par an.<br \/>\n&nbsp;<br \/>\nMaurice Ambec, tr\u00e9sorier association de d\u00e9fense de la ligne B\u00e9ziers Neussargues :<br \/>\n<em>\u00ab\u00a0J&rsquo;ai un sentiment d&rsquo;abandon des territoires. On s&rsquo;occupe plus d&rsquo;am\u00e9nagement des territoires, on s&rsquo;occupe de la rentabilit\u00e9 financi\u00e8re. On se fout des usagers et des citoyens.\u00a0\u00bb <\/em><br \/>\n&nbsp;<br \/>\nD\u00e9j\u00e0 menac\u00e9 auparavant la r\u00e9gion a sauv\u00e9 ces lignes jusqu&rsquo;en 2022 et r\u00e9affirme sa volont\u00e9 de les voir perdurer.<br \/>\n&nbsp;<br \/>\nJean-Luc Gibelin, Vice-pr\u00e9sident en charge des mobilit\u00e9s et des transports:<br \/>\n<em>\u00ab\u00a0Notre volont\u00e9 c&rsquo;est de mettre en \u0153uvre ce pourquoi nous avons \u00e9t\u00e9 \u00e9lus qui est le fait de r\u00e9nover les lignes, le fait d&rsquo;augmenter l&rsquo;offre de transports et nous attendons que le gouvernement prenne ses d\u00e9cisions. Nous nous opposerons \u00e0 toute d\u00e9cision qui viserait \u00e0 un d\u00e9sengagement de l&rsquo;\u00e9tat.\u00a0\u00bb   <\/em><br \/>\n&nbsp;<br \/>\nLe gouvernement rendra sa copie en avril, les usagers de leur c\u00f4t\u00e9 organisent eux d\u00e9j\u00e0 la riposte.<br \/>\n&nbsp;<br \/>\n)]<\/p>\n<p>Et la vid\u00e9o :<br \/>\n&nbsp;<br \/>\n<a href=\"http:\/\/5.45.101.177\/haut-allier\/usagers-transportse\/wp-content\/uploads\/2018\/02\/usagers-transports-haut-allier-france-3-occitanie-jt1920languedoc-roussillon.mp4\">usagers-transports-haut-allier-france-3-occitanie-jt1920languedoc-roussillon.mp4<\/a><br \/>\n&nbsp;<br \/>\nEt puis la r\u00e9action de Martine Guibert, d\u00e9l\u00e9gu\u00e9e aux transports AURA dans deux articles parus ces derniers jours dans la Montagne et le Dauphin\u00e9.<br \/>\n&nbsp;<br \/>\nLa Montagne : <a href=\"https:\/\/www.lamontagne.fr\/aurillac\/ruralite\/transport\/2018\/02\/17\/la-region-auvergne-rhone-alpes-va-defendre-les-petites-lignes-ferroviaires-dans-le-collimateur-du-rapport-spinetta_12742610.html\"><strong>La R\u00e9gion Auvergne-Rh\u00f4ne-Alpes va d\u00e9fendre les petites lignes ferroviaires dans le collimateur du rapport Spinetta<\/strong><\/a><br \/>\n&nbsp;<br \/>\nLe Dauphin\u00e9 : <a href=\"http:\/\/www.ledauphine.com\/economie-et-finance\/2018\/02\/16\/ce-rapport-delaisse-les-petites-lignes\"><strong>\u00ab\u00a0Ce rapport d\u00e9laisse les petites lignes\u00a0\u00bb<\/strong><\/a><br \/>\n&nbsp;<\/p>\n","protected":false},"excerpt":{"rendered":"<p>Comme vous devez le savoir cet \u00e9ni\u00e8me rapport sur l&rsquo;\u00e9tat du ferroviaire en France recommande carr\u00e9ment la suppression<\/p>\n","protected":false},"author":1,"featured_media":2321,"comment_status":"open","ping_status":"open","sticky":false,"template":"","format":"standard","meta":{"footnotes":""},"categories":[3],"tags":[],"class_list":["post-441","post","type-post","status-publish","format-standard","has-post-thumbnail","hentry","category-en-train"],"_links":{"self":[{"href":"https:\/\/usagers-transports.haut-allier.eu\/index.php\/wp-json\/wp\/v2\/posts\/441","targetHints":{"allow":["GET"]}}],"collection":[{"href":"https:\/\/usagers-transports.haut-allier.eu\/index.php\/wp-json\/wp\/v2\/posts"}],"about":[{"href":"https:\/\/usagers-transports.haut-allier.eu\/index.php\/wp-json\/wp\/v2\/types\/post"}],"author":[{"embeddable":true,"href":"https:\/\/usagers-transports.haut-allier.eu\/index.php\/wp-json\/wp\/v2\/users\/1"}],"replies":[{"embeddable":true,"href":"https:\/\/usagers-transports.haut-allier.eu\/index.php\/wp-json\/wp\/v2\/comments?post=441"}],"version-history":[{"count":0,"href":"https:\/\/usagers-transports.haut-allier.eu\/index.php\/wp-json\/wp\/v2\/posts\/441\/revisions"}],"wp:featuredmedia":[{"embeddable":true,"href":"https:\/\/usagers-transports.haut-allier.eu\/index.php\/wp-json\/wp\/v2\/media\/2321"}],"wp:attachment":[{"href":"https:\/\/usagers-transports.haut-allier.eu\/index.php\/wp-json\/wp\/v2\/media?parent=441"}],"wp:term":[{"taxonomy":"category","embeddable":true,"href":"https:\/\/usagers-transports.haut-allier.eu\/index.php\/wp-json\/wp\/v2\/categories?post=441"},{"taxonomy":"post_tag","embeddable":true,"href":"https:\/\/usagers-transports.haut-allier.eu\/index.php\/wp-json\/wp\/v2\/tags?post=441"}],"curies":[{"name":"wp","href":"https:\/\/api.w.org\/{rel}","templated":true}]}}