{"id":442,"date":"2018-02-23T20:32:42","date_gmt":"2018-02-23T19:32:42","guid":{"rendered":"http:\/\/5.45.101.177\/haut-allier\/usagers-transportse\/index.php\/2018\/02\/23\/train-aubrac-une-initiative442\/"},"modified":"2018-02-23T20:32:42","modified_gmt":"2018-02-23T19:32:42","slug":"train-aubrac-une-initiative442","status":"publish","type":"post","link":"https:\/\/usagers-transports.haut-allier.eu\/index.php\/2018\/02\/23\/train-aubrac-une-initiative442\/","title":{"rendered":"Train Aubrac : une initiative gastronomique tr\u00e8s all\u00e9chante et \u00e9conomique !"},"content":{"rendered":"<p>Oh certes ce n&rsquo;est que proposer une balade B\u00e9ziers S\u00e9verac le Ch\u00e2teau pour un rendez-vous gustatif mais c&rsquo;est beaucoup. Nous souhaitons qu&rsquo;un flot de gourmands biterrois et de du littoral sautent dans les rames du train B\u00e9ziers Clermont-Ferrand pour un d\u00e9paysement m\u00e9morable. Et pourquoi pas les auvergnats du nord aussi, on connait tous et toutes la qualit\u00e9 de la cuisine aveyronnaise.<br \/>\n&nbsp;<br \/>\n<a href=\"http:\/\/5.45.101.177\/haut-allier\/usagers-transportse\/wp-content\/uploads\/2018\/02\/offre_train.pdf\">offre_train.pdf<\/a><br \/>\n&nbsp;<br \/>\nLe prix propos\u00e9 par l&rsquo;h\u00f4tel Rodier est vraiment raisonnable, et si de plus vous trouvez un billet \u00e0 un euro sur <a href=\"https:\/\/www.train1euro.fr\/\"><strong>ce site<\/strong><\/a> ce sera tout b\u00e9n\u00e9fice (Taper B\u00e9ziers St-Ch\u00e9ly, car S\u00e9verac n&rsquo;est pas compris dans l&rsquo;offre).<br \/>\n&nbsp;<br \/>\n<img loading=\"lazy\" decoding=\"async\" class=\" aligncenter size-full wp-image-2326\" src=\"http:\/\/5.45.101.177\/haut-allier\/usagers-transportse\/wp-content\/uploads\/2018\/02\/joxi_screenshot_1519413068083.png\" alt=\"joxi_screenshot_1519413068083.png\" align=\"center\" width=\"881\" height=\"368\" srcset=\"https:\/\/usagers-transports.haut-allier.eu\/wp-content\/uploads\/2018\/02\/joxi_screenshot_1519413068083.png 881w, https:\/\/usagers-transports.haut-allier.eu\/wp-content\/uploads\/2018\/02\/joxi_screenshot_1519413068083-300x125.png 300w, https:\/\/usagers-transports.haut-allier.eu\/wp-content\/uploads\/2018\/02\/joxi_screenshot_1519413068083-768x321.png 768w\" sizes=\"auto, (max-width: 881px) 100vw, 881px\" \/><br \/>\n&nbsp;<br \/>\nAllez voici un peu de lecture pour vous donner envie d&#8217;emprunter ce train mythique (cliquer pour voir le PDF).<br \/>\n&nbsp;<br \/>\n<a href=\"http:\/\/5.45.101.177\/haut-allier\/usagers-transportse\/wp-content\/uploads\/2018\/02\/offre_train-2.pdf\">offre_train-2.pdf<\/a><br \/>\n&nbsp;<br \/>\n<strong>Que plein d&rsquo;initiatives de cet acabit se d\u00e9veloppent et ce sera un bon d\u00e9but pour une revitalisation de la ligne que nous souhaitons tous voir perdurer longtemps. Allez, on se bouge !<\/strong><br \/>\n&nbsp;<br \/>\n<em>Merci \u00e0 Jacky Tello pour l&rsquo;info<\/em><\/p>\n","protected":false},"excerpt":{"rendered":"<p>Oh certes ce n&rsquo;est que proposer une balade B\u00e9ziers S\u00e9verac le Ch\u00e2teau pour un rendez-vous gustatif mais c&rsquo;est<\/p>\n","protected":false},"author":1,"featured_media":2324,"comment_status":"open","ping_status":"open","sticky":false,"template":"","format":"standard","meta":{"footnotes":""},"categories":[3],"tags":[],"class_list":["post-442","post","type-post","status-publish","format-standard","has-post-thumbnail","hentry","category-en-train"],"_links":{"self":[{"href":"https:\/\/usagers-transports.haut-allier.eu\/index.php\/wp-json\/wp\/v2\/posts\/442","targetHints":{"allow":["GET"]}}],"collection":[{"href":"https:\/\/usagers-transports.haut-allier.eu\/index.php\/wp-json\/wp\/v2\/posts"}],"about":[{"href":"https:\/\/usagers-transports.haut-allier.eu\/index.php\/wp-json\/wp\/v2\/types\/post"}],"author":[{"embeddable":true,"href":"https:\/\/usagers-transports.haut-allier.eu\/index.php\/wp-json\/wp\/v2\/users\/1"}],"replies":[{"embeddable":true,"href":"https:\/\/usagers-transports.haut-allier.eu\/index.php\/wp-json\/wp\/v2\/comments?post=442"}],"version-history":[{"count":0,"href":"https:\/\/usagers-transports.haut-allier.eu\/index.php\/wp-json\/wp\/v2\/posts\/442\/revisions"}],"wp:featuredmedia":[{"embeddable":true,"href":"https:\/\/usagers-transports.haut-allier.eu\/index.php\/wp-json\/wp\/v2\/media\/2324"}],"wp:attachment":[{"href":"https:\/\/usagers-transports.haut-allier.eu\/index.php\/wp-json\/wp\/v2\/media?parent=442"}],"wp:term":[{"taxonomy":"category","embeddable":true,"href":"https:\/\/usagers-transports.haut-allier.eu\/index.php\/wp-json\/wp\/v2\/categories?post=442"},{"taxonomy":"post_tag","embeddable":true,"href":"https:\/\/usagers-transports.haut-allier.eu\/index.php\/wp-json\/wp\/v2\/tags?post=442"}],"curies":[{"name":"wp","href":"https:\/\/api.w.org\/{rel}","templated":true}]}}