{"id":443,"date":"2018-02-28T07:43:12","date_gmt":"2018-02-28T06:43:12","guid":{"rendered":"http:\/\/5.45.101.177\/haut-allier\/usagers-transportse\/index.php\/2018\/02\/28\/ligne-du-train-cevenol-les-fiches443\/"},"modified":"2018-02-28T07:43:12","modified_gmt":"2018-02-28T06:43:12","slug":"ligne-du-train-cevenol-les-fiches443","status":"publish","type":"post","link":"https:\/\/usagers-transports.haut-allier.eu\/index.php\/2018\/02\/28\/ligne-du-train-cevenol-les-fiches443\/","title":{"rendered":"Ligne du train C\u00e9venol : les fiches horaires du 4 mars au 4 mai 2018 [MAJ]"},"content":{"rendered":"<p>Et donc pendant la p\u00e9riode des travaux on va dire annuels hein, puisque \u00e7a fait dix ans que \u00e7a dure.<br \/>\n&nbsp;<br \/>\nAttention vous ne les trouverez plus forc\u00e9ment ni en gare, ni chez les d\u00e9positaires habituels : la tendance est de faire comme en PACA o\u00f9 on ne s&#8217;embarrasse plus \u00e0 imprimer les horaires&#8230; \u00e0 l&rsquo;usager de consulter les sites Internet !<br \/>\n&nbsp;<br \/>\n<img loading=\"lazy\" decoding=\"async\" class=\" aligncenter size-full wp-image-2329\" src=\"http:\/\/5.45.101.177\/haut-allier\/usagers-transportse\/wp-content\/uploads\/2018\/02\/img_20180228_073210.jpg\" alt=\"img_20180228_073210.jpg\" align=\"center\" width=\"479\" height=\"800\" srcset=\"https:\/\/usagers-transports.haut-allier.eu\/wp-content\/uploads\/2018\/02\/img_20180228_073210.jpg 479w, https:\/\/usagers-transports.haut-allier.eu\/wp-content\/uploads\/2018\/02\/img_20180228_073210-180x300.jpg 180w\" sizes=\"auto, (max-width: 479px) 100vw, 479px\" \/><br \/>\n&nbsp;<br \/>\n<strong>R\u00e9capitulatif fiches-horaires TRAVAUX \u00e9dit\u00e9es par la SNCF pour la p\u00e9riode du 4 MARS au 4 MAI 2018 (fermeture de ligne ferroviaire entre La Bastide et Langeac)<br \/>\nSubstitution des trains par des autocars sauf pour le TER du soir supprim\u00e9.<\/strong><br \/>\n&nbsp;<br \/>\nIMPORTANT : Les 2 TER Clermont-Ferrand <> N\u00eemes du soir ne sont substitu\u00e9s par RIEN entre Langeac et Langogne. Les d\u00e9fenseurs de la Ligne des C\u00e9vennes protestent contre cette suppression pure et simple des circulations (continuit\u00e9 du service public ?) 873994 et 873995 dans les gorges de l&rsquo;Allier !<br \/>\n&nbsp;<br \/>\nNB : Pour les usagers des gares de Monistrol-d&rsquo;Allier, Alleyras et Chapeauroux : \u00ab TAD \u00bb : Taxi a\u0300 la demande, R\u00e9server au plus tard la veille avant 18h00 en appelant le 09 69 32 21 41 (n\u00b0 non surtaxe\u0301, prix appel local). Op\u00e9rateurs r\u00e9pondant du lundi au vendredi de 7h00 a\u0300 19h00 et le samedi de 8h00 a\u0300 13h00.<br \/>\n&nbsp;<br \/>\nFiches-horaires \u00e0 T\u00c9L\u00c9CHARGER de pr\u00e9f\u00e9rence au cas o\u00f9 les liens changeraient.<br \/>\n&nbsp;<br \/>\n<strong>D\u00e9tails SECTION NORD<\/strong><br \/>\n&nbsp;<br \/>\nFiches-horaires \u00e9dit\u00e9es par TER SNCF AUVERGNE (MAJ du 8 mars)<br \/>\n&nbsp;<br \/>\n&#8211; Du 12 mars au 27 avril 2018 :<br \/>\nhttps:\/\/cdn.ter.sncf.com\/medias\/PDF\/auvergne_rhone_alpes\/CLE-NI%20du%201203%20au%202704%20V080318_tcm72-105036_tcm72-178987.pdf<br \/>\n&#8211; Du 28 avril au 4 mai 2018 :<br \/>\nhttps:\/\/cdn.ter.sncf.com\/medias\/PDF\/auvergne_rhone_alpes\/08%20-%20CLE-NI%20du%202804%20au%200405%20V060318_tcm72-105036_tcm72-178988.pdf<\/p>\n<p>&nbsp;<br \/>\n<strong>D\u00e9tails SECTION SUD<\/strong><br \/>\n&nbsp;<br \/>\nFiche-horaires \u00e9dit\u00e9e par TER SNCF LANGUEDOC<br \/>\n&nbsp;<br \/>\n&#8211; Du 5 mars au 4 mai 2018 :<br \/>\nhttps:\/\/cdn.ter.sncf.com\/medias\/PDF\/occitanie\/Affiche%20travaux%20N\u00eemes%20Clermont%20du%205%20mars%20au%204%20mai%202018%20version%20du%2019%20f\u00e9vrier_tcm76-136415_tcm76-178729.pdf<\/p>\n","protected":false},"excerpt":{"rendered":"<p>Et donc pendant la p\u00e9riode des travaux on va dire annuels hein, puisque \u00e7a fait dix ans que<\/p>\n","protected":false},"author":1,"featured_media":2328,"comment_status":"open","ping_status":"open","sticky":false,"template":"","format":"standard","meta":{"footnotes":""},"categories":[3],"tags":[],"class_list":["post-443","post","type-post","status-publish","format-standard","has-post-thumbnail","hentry","category-en-train"],"_links":{"self":[{"href":"https:\/\/usagers-transports.haut-allier.eu\/index.php\/wp-json\/wp\/v2\/posts\/443","targetHints":{"allow":["GET"]}}],"collection":[{"href":"https:\/\/usagers-transports.haut-allier.eu\/index.php\/wp-json\/wp\/v2\/posts"}],"about":[{"href":"https:\/\/usagers-transports.haut-allier.eu\/index.php\/wp-json\/wp\/v2\/types\/post"}],"author":[{"embeddable":true,"href":"https:\/\/usagers-transports.haut-allier.eu\/index.php\/wp-json\/wp\/v2\/users\/1"}],"replies":[{"embeddable":true,"href":"https:\/\/usagers-transports.haut-allier.eu\/index.php\/wp-json\/wp\/v2\/comments?post=443"}],"version-history":[{"count":0,"href":"https:\/\/usagers-transports.haut-allier.eu\/index.php\/wp-json\/wp\/v2\/posts\/443\/revisions"}],"wp:featuredmedia":[{"embeddable":true,"href":"https:\/\/usagers-transports.haut-allier.eu\/index.php\/wp-json\/wp\/v2\/media\/2328"}],"wp:attachment":[{"href":"https:\/\/usagers-transports.haut-allier.eu\/index.php\/wp-json\/wp\/v2\/media?parent=443"}],"wp:term":[{"taxonomy":"category","embeddable":true,"href":"https:\/\/usagers-transports.haut-allier.eu\/index.php\/wp-json\/wp\/v2\/categories?post=443"},{"taxonomy":"post_tag","embeddable":true,"href":"https:\/\/usagers-transports.haut-allier.eu\/index.php\/wp-json\/wp\/v2\/tags?post=443"}],"curies":[{"name":"wp","href":"https:\/\/api.w.org\/{rel}","templated":true}]}}