{"id":444,"date":"2018-03-13T09:42:41","date_gmt":"2018-03-13T08:42:41","guid":{"rendered":"http:\/\/5.45.101.177\/haut-allier\/usagers-transportse\/index.php\/2018\/03\/13\/ligne-du-train-aubrac-mon-service444\/"},"modified":"2018-03-13T09:42:41","modified_gmt":"2018-03-13T08:42:41","slug":"ligne-du-train-aubrac-mon-service444","status":"publish","type":"post","link":"https:\/\/usagers-transports.haut-allier.eu\/index.php\/2018\/03\/13\/ligne-du-train-aubrac-mon-service444\/","title":{"rendered":"Ligne du train Aubrac : mon service public essentiel"},"content":{"rendered":"<p> Antoine Levesque pour le Comit\u00e9 Pluraliste de la Ligne SNCF B\u00e9ziers &#8211; Neussargues -Clermont Ferrand a r\u00e9alis\u00e9 une petite vid\u00e9o de promotion et de soutien sur Youtube. Appr\u00e9ciez :<br \/>\n&nbsp;<br \/>\n<iframe loading=\"lazy\" width=\"512\" height=\"288\" src=\"https:\/\/www.youtube.com\/embed\/4EtnX14PNl0\" frameborder=\"0\" allow=\"autoplay; encrypted-media\" allowfullscreen><\/iframe><br \/>\n&nbsp;<br \/>\nNous en profitons pour saluer le sursaut des d\u00e9fenseurs de cette ligne, t\u00e9moin le compte-rendu de la r\u00e9union r\u00e9cente \u00e0 Saint-Flour o\u00f9 de nombreuses propositions ont \u00e9t\u00e9 faites :<br \/>\n&nbsp;<br \/>\n<a href=\"http:\/\/5.45.101.177\/haut-allier\/usagers-transportse\/wp-content\/uploads\/2018\/03\/cr-reunion-st-flour-10022018.pdf\">cr-reunion-st-flour-10022018.pdf<\/a><\/p>\n","protected":false},"excerpt":{"rendered":"<p>Antoine Levesque pour le Comit\u00e9 Pluraliste de la Ligne SNCF B\u00e9ziers &#8211; Neussargues -Clermont Ferrand a r\u00e9alis\u00e9 une<\/p>\n","protected":false},"author":1,"featured_media":2330,"comment_status":"open","ping_status":"open","sticky":false,"template":"","format":"standard","meta":{"footnotes":""},"categories":[3],"tags":[],"class_list":["post-444","post","type-post","status-publish","format-standard","has-post-thumbnail","hentry","category-en-train"],"_links":{"self":[{"href":"https:\/\/usagers-transports.haut-allier.eu\/index.php\/wp-json\/wp\/v2\/posts\/444","targetHints":{"allow":["GET"]}}],"collection":[{"href":"https:\/\/usagers-transports.haut-allier.eu\/index.php\/wp-json\/wp\/v2\/posts"}],"about":[{"href":"https:\/\/usagers-transports.haut-allier.eu\/index.php\/wp-json\/wp\/v2\/types\/post"}],"author":[{"embeddable":true,"href":"https:\/\/usagers-transports.haut-allier.eu\/index.php\/wp-json\/wp\/v2\/users\/1"}],"replies":[{"embeddable":true,"href":"https:\/\/usagers-transports.haut-allier.eu\/index.php\/wp-json\/wp\/v2\/comments?post=444"}],"version-history":[{"count":0,"href":"https:\/\/usagers-transports.haut-allier.eu\/index.php\/wp-json\/wp\/v2\/posts\/444\/revisions"}],"wp:featuredmedia":[{"embeddable":true,"href":"https:\/\/usagers-transports.haut-allier.eu\/index.php\/wp-json\/wp\/v2\/media\/2330"}],"wp:attachment":[{"href":"https:\/\/usagers-transports.haut-allier.eu\/index.php\/wp-json\/wp\/v2\/media?parent=444"}],"wp:term":[{"taxonomy":"category","embeddable":true,"href":"https:\/\/usagers-transports.haut-allier.eu\/index.php\/wp-json\/wp\/v2\/categories?post=444"},{"taxonomy":"post_tag","embeddable":true,"href":"https:\/\/usagers-transports.haut-allier.eu\/index.php\/wp-json\/wp\/v2\/tags?post=444"}],"curies":[{"name":"wp","href":"https:\/\/api.w.org\/{rel}","templated":true}]}}