{"id":445,"date":"2018-03-13T09:58:28","date_gmt":"2018-03-13T08:58:28","guid":{"rendered":"http:\/\/5.45.101.177\/haut-allier\/usagers-transportse\/index.php\/2018\/03\/13\/ligne-du-train-cevenol-la-commune445\/"},"modified":"2018-03-13T09:58:28","modified_gmt":"2018-03-13T08:58:28","slug":"ligne-du-train-cevenol-la-commune445","status":"publish","type":"post","link":"https:\/\/usagers-transports.haut-allier.eu\/index.php\/2018\/03\/13\/ligne-du-train-cevenol-la-commune445\/","title":{"rendered":"Ligne du train C\u00e9venol : la commune de Villefort un exemple \u00e0 suivre"},"content":{"rendered":"<p>Une motion en soutien \u00e0 la ligne des C\u00e9venens vient d&rsquo;\u00eatre vot\u00e9e \u00e0 l&rsquo;unanimit\u00e9 par le conseil municipal de Villefort (Loz\u00e8re) et envoy\u00e9e au pr\u00e9sident de la SNCF et \u00e0 la pr\u00e9sidente de la r\u00e9gion Occitanie. Merci au maire Alain Laffont pour son engagement. Il est souhaitable que toutes les communes du parcours N\u00eemes Clermont Ferrand fassent de m\u00eame.<br \/>\n&nbsp;<br \/>\n<a href=\"http:\/\/5.45.101.177\/haut-allier\/usagers-transportse\/wp-content\/uploads\/2018\/03\/motion-villefort20180307_153545.pdf\">motion-villefort20180307_153545.pdf<\/a><br \/>\n&nbsp;<br \/>\n<em>Source : collectiftrainvillefort@gmail.com<\/em><\/p>\n","protected":false},"excerpt":{"rendered":"<p>Une motion en soutien \u00e0 la ligne des C\u00e9venens vient d&rsquo;\u00eatre vot\u00e9e \u00e0 l&rsquo;unanimit\u00e9 par le conseil municipal<\/p>\n","protected":false},"author":1,"featured_media":2332,"comment_status":"open","ping_status":"open","sticky":false,"template":"","format":"standard","meta":{"footnotes":""},"categories":[3],"tags":[],"class_list":["post-445","post","type-post","status-publish","format-standard","has-post-thumbnail","hentry","category-en-train"],"_links":{"self":[{"href":"https:\/\/usagers-transports.haut-allier.eu\/index.php\/wp-json\/wp\/v2\/posts\/445","targetHints":{"allow":["GET"]}}],"collection":[{"href":"https:\/\/usagers-transports.haut-allier.eu\/index.php\/wp-json\/wp\/v2\/posts"}],"about":[{"href":"https:\/\/usagers-transports.haut-allier.eu\/index.php\/wp-json\/wp\/v2\/types\/post"}],"author":[{"embeddable":true,"href":"https:\/\/usagers-transports.haut-allier.eu\/index.php\/wp-json\/wp\/v2\/users\/1"}],"replies":[{"embeddable":true,"href":"https:\/\/usagers-transports.haut-allier.eu\/index.php\/wp-json\/wp\/v2\/comments?post=445"}],"version-history":[{"count":0,"href":"https:\/\/usagers-transports.haut-allier.eu\/index.php\/wp-json\/wp\/v2\/posts\/445\/revisions"}],"wp:featuredmedia":[{"embeddable":true,"href":"https:\/\/usagers-transports.haut-allier.eu\/index.php\/wp-json\/wp\/v2\/media\/2332"}],"wp:attachment":[{"href":"https:\/\/usagers-transports.haut-allier.eu\/index.php\/wp-json\/wp\/v2\/media?parent=445"}],"wp:term":[{"taxonomy":"category","embeddable":true,"href":"https:\/\/usagers-transports.haut-allier.eu\/index.php\/wp-json\/wp\/v2\/categories?post=445"},{"taxonomy":"post_tag","embeddable":true,"href":"https:\/\/usagers-transports.haut-allier.eu\/index.php\/wp-json\/wp\/v2\/tags?post=445"}],"curies":[{"name":"wp","href":"https:\/\/api.w.org\/{rel}","templated":true}]}}