{"id":446,"date":"2018-03-13T10:34:40","date_gmt":"2018-03-13T09:34:40","guid":{"rendered":"http:\/\/5.45.101.177\/haut-allier\/usagers-transportse\/index.php\/2018\/03\/13\/ligne-du-train-cevenol-pendant-les446\/"},"modified":"2018-03-13T10:34:40","modified_gmt":"2018-03-13T09:34:40","slug":"ligne-du-train-cevenol-pendant-les446","status":"publish","type":"post","link":"https:\/\/usagers-transports.haut-allier.eu\/index.php\/2018\/03\/13\/ligne-du-train-cevenol-pendant-les446\/","title":{"rendered":"Ligne du train C\u00e9venol : pendant les travaux impossible de voyager depuis Monistrol Alleyras et Chapeauroux [MAJ]"},"content":{"rendered":"<p><em>\u00ab\u00a0Pour les usagers des gares de Monistrol-d&rsquo;Allier, Alleyras et Chapeauroux : \u00ab TAD \u00bb durant les travaux jusqu&rsquo;au 4 mai 2018 : Taxi a\u0300 la demande, R\u00e9server au plus tard la veille avant 18h00 en appelant le 09 69 32 21 41 (n\u00b0 non surtaxe\u0301, prix appel local). Op\u00e9rateurs pr\u00e9sents du lundi au vendredi de 7h00 a\u0300 19h00 et le samedi de 8h00 a\u0300 13h00.\u00a0\u00bb<\/em><br \/>\n&nbsp;<br \/>\n<strong>Ca c&rsquo;est la communication officielle trouv\u00e9e sur les fiches horaires durant les travaux (voir les articles pr\u00e9c\u00e9dents). Mais justement pour ces usagers il est actuellement impossible d&rsquo;acheter un billet durant cette p\u00e9riode sur les sites de r\u00e9servation SNCF.<\/strong><br \/>\n&nbsp;<br \/>\nT\u00e9moin ces captures d&rsquo;\u00e9cran sur les sites <a href=\"https:\/\/www.oui.sncf\/\">Oui SNCF<\/a> :<br \/>\n&nbsp;<br \/>\n<img loading=\"lazy\" decoding=\"async\" class=\" aligncenter size-full wp-image-2335\" src=\"http:\/\/5.45.101.177\/haut-allier\/usagers-transportse\/wp-content\/uploads\/2018\/03\/joxi_screenshot_1520932315790.png\" alt=\"joxi_screenshot_1520932315790.png\" align=\"center\" width=\"657\" height=\"391\" srcset=\"https:\/\/usagers-transports.haut-allier.eu\/wp-content\/uploads\/2018\/03\/joxi_screenshot_1520932315790.png 657w, https:\/\/usagers-transports.haut-allier.eu\/wp-content\/uploads\/2018\/03\/joxi_screenshot_1520932315790-300x179.png 300w\" sizes=\"auto, (max-width: 657px) 100vw, 657px\" \/><br \/>\n&nbsp;<br \/>\nEt sur celui de <a href=\"https:\/\/www.ter.sncf.com\/auvergne-rhone-alpes\">TER SNCF Auvergne Rh\u00f4ne Alpes<\/a>  comble de l&rsquo;humour SNCF on nous propose un trajet en voiture !!! de 3 heures et demi et m\u00eame pas en autopartage ! :<br \/>\n&nbsp;<br \/>\n<img loading=\"lazy\" decoding=\"async\" class=\" aligncenter size-full wp-image-2336\" src=\"http:\/\/5.45.101.177\/haut-allier\/usagers-transportse\/wp-content\/uploads\/2018\/03\/joxi_screenshot_1520932488430.png\" alt=\"joxi_screenshot_1520932488430.png\" align=\"center\" width=\"695\" height=\"411\" srcset=\"https:\/\/usagers-transports.haut-allier.eu\/wp-content\/uploads\/2018\/03\/joxi_screenshot_1520932488430.png 695w, https:\/\/usagers-transports.haut-allier.eu\/wp-content\/uploads\/2018\/03\/joxi_screenshot_1520932488430-300x177.png 300w\" sizes=\"auto, (max-width: 695px) 100vw, 695px\" \/><br \/>\n&nbsp;<br \/>\nContact\u00e9 le service du 09 69 32 21 41, qui a pour but de r\u00e9server un taxi \u00e0 la demande, d&rsquo;abord indique que ce n&rsquo;est pas son probl\u00e8me, \u00ab\u00a0que certains voyageurs y sont arriv\u00e9s\u00a0\u00bb et qu&rsquo;il faut les pr\u00e9venir non pas 15 jours \u00e0 l&rsquo;avance, mais uniquement la veille ou l&rsquo;avant veille. DE QUI SE MOQUE-T-ON ?<br \/>\n&nbsp;<br \/>\nNous allons tester la solution finale du guichet dans une gare en disposant, c&rsquo;est de moins en moins le cas sur la ligne des C\u00e9vennes, ou bien l&rsquo;achat du ticket TER le jour-m\u00eame.<br \/>\n&nbsp;<br \/>\nEt nous envoyons de ce pas une lettre de protestation avec copie aux deux responsables des r\u00e9gions concern\u00e9es.<br \/>\n&nbsp;<br \/>\n<img loading=\"lazy\" decoding=\"async\" class=\" aligncenter size-full wp-image-2337\" src=\"http:\/\/5.45.101.177\/haut-allier\/usagers-transportse\/wp-content\/uploads\/2018\/03\/lettre-sncf-ter-aura-occitanie-15-mars-2018-achats-impossibles-billets-pendant-travaux-400.jpg\" alt=\"lettre-sncf-ter-aura-occitanie-15-mars-2018-achats-impossibles-billets-pendant-travaux-400.jpg\" align=\"center\" width=\"280\" height=\"397\" srcset=\"https:\/\/usagers-transports.haut-allier.eu\/wp-content\/uploads\/2018\/03\/lettre-sncf-ter-aura-occitanie-15-mars-2018-achats-impossibles-billets-pendant-travaux-400.jpg 280w, https:\/\/usagers-transports.haut-allier.eu\/wp-content\/uploads\/2018\/03\/lettre-sncf-ter-aura-occitanie-15-mars-2018-achats-impossibles-billets-pendant-travaux-400-212x300.jpg 212w\" sizes=\"auto, (max-width: 280px) 100vw, 280px\" \/><br \/>\n&nbsp;<br \/>\n<img loading=\"lazy\" decoding=\"async\" class=\" aligncenter size-full wp-image-2338\" src=\"http:\/\/5.45.101.177\/haut-allier\/usagers-transportse\/wp-content\/uploads\/2018\/03\/lettre-sncf-ter-aura-occitanie-15-mars-2018-achats-impossibles-billets-pendant-travaux-occ-400.jpg\" alt=\"lettre-sncf-ter-aura-occitanie-15-mars-2018-achats-impossibles-billets-pendant-travaux-occ-400.jpg\" align=\"center\" width=\"280\" height=\"397\" srcset=\"https:\/\/usagers-transports.haut-allier.eu\/wp-content\/uploads\/2018\/03\/lettre-sncf-ter-aura-occitanie-15-mars-2018-achats-impossibles-billets-pendant-travaux-occ-400.jpg 280w, https:\/\/usagers-transports.haut-allier.eu\/wp-content\/uploads\/2018\/03\/lettre-sncf-ter-aura-occitanie-15-mars-2018-achats-impossibles-billets-pendant-travaux-occ-400-212x300.jpg 212w\" sizes=\"auto, (max-width: 280px) 100vw, 280px\" \/><br \/>\n&nbsp;<br \/>\n<strong>[MAJ du 14 mars]<\/strong><br \/>\n&nbsp;<br \/>\n<strong>Confirmation : impossible de prendre un billet TER pour Alleyras, Chapeauroux ou Monistrol depuis les machines bleues TER, ni depuis les distributeurs jaunes, et encore moins aux guichets des gares, nos destinations sont bloqu\u00e9es. L&rsquo;art de la SNCF pour faire des \u00e9conomies et d\u00e9courager les voyageurs. De plus il s&rsquo;agit donc d&rsquo;une annonce mensong\u00e8re.<\/strong><br \/>\n&nbsp;<\/p>\n","protected":false},"excerpt":{"rendered":"<p>\u00ab\u00a0Pour les usagers des gares de Monistrol-d&rsquo;Allier, Alleyras et Chapeauroux : \u00ab TAD \u00bb durant les travaux jusqu&rsquo;au<\/p>\n","protected":false},"author":1,"featured_media":2334,"comment_status":"open","ping_status":"open","sticky":false,"template":"","format":"standard","meta":{"footnotes":""},"categories":[3],"tags":[],"class_list":["post-446","post","type-post","status-publish","format-standard","has-post-thumbnail","hentry","category-en-train"],"_links":{"self":[{"href":"https:\/\/usagers-transports.haut-allier.eu\/index.php\/wp-json\/wp\/v2\/posts\/446","targetHints":{"allow":["GET"]}}],"collection":[{"href":"https:\/\/usagers-transports.haut-allier.eu\/index.php\/wp-json\/wp\/v2\/posts"}],"about":[{"href":"https:\/\/usagers-transports.haut-allier.eu\/index.php\/wp-json\/wp\/v2\/types\/post"}],"author":[{"embeddable":true,"href":"https:\/\/usagers-transports.haut-allier.eu\/index.php\/wp-json\/wp\/v2\/users\/1"}],"replies":[{"embeddable":true,"href":"https:\/\/usagers-transports.haut-allier.eu\/index.php\/wp-json\/wp\/v2\/comments?post=446"}],"version-history":[{"count":0,"href":"https:\/\/usagers-transports.haut-allier.eu\/index.php\/wp-json\/wp\/v2\/posts\/446\/revisions"}],"wp:featuredmedia":[{"embeddable":true,"href":"https:\/\/usagers-transports.haut-allier.eu\/index.php\/wp-json\/wp\/v2\/media\/2334"}],"wp:attachment":[{"href":"https:\/\/usagers-transports.haut-allier.eu\/index.php\/wp-json\/wp\/v2\/media?parent=446"}],"wp:term":[{"taxonomy":"category","embeddable":true,"href":"https:\/\/usagers-transports.haut-allier.eu\/index.php\/wp-json\/wp\/v2\/categories?post=446"},{"taxonomy":"post_tag","embeddable":true,"href":"https:\/\/usagers-transports.haut-allier.eu\/index.php\/wp-json\/wp\/v2\/tags?post=446"}],"curies":[{"name":"wp","href":"https:\/\/api.w.org\/{rel}","templated":true}]}}