{"id":447,"date":"2018-03-13T10:46:10","date_gmt":"2018-03-13T09:46:10","guid":{"rendered":"http:\/\/5.45.101.177\/haut-allier\/usagers-transportse\/index.php\/2018\/03\/13\/les-usagers-du-gard-et-des447\/"},"modified":"2018-03-13T10:46:10","modified_gmt":"2018-03-13T09:46:10","slug":"les-usagers-du-gard-et-des447","status":"publish","type":"post","link":"https:\/\/usagers-transports.haut-allier.eu\/index.php\/2018\/03\/13\/les-usagers-du-gard-et-des447\/","title":{"rendered":"Les usagers du Gard et des d\u00e9partements limitrophes r\u00e9agissent aux d\u00e9cisions du gouvernement sur le ferroviaire"},"content":{"rendered":"<p> Ils viennent de publier un communiqu\u00e9 100 % usagers intitul\u00e9 \u00ab\u00a0Les usagers en danger\u00a0\u00bb. Le voici :<br \/>\n&nbsp;<br \/>\n<img loading=\"lazy\" decoding=\"async\" class=\" aligncenter size-full wp-image-2340\" src=\"http:\/\/5.45.101.177\/haut-allier\/usagers-transportse\/wp-content\/uploads\/2018\/03\/comusaggard.jpg\" alt=\"comusaggard.jpg\" align=\"center\" width=\"833\" height=\"1614\" srcset=\"https:\/\/usagers-transports.haut-allier.eu\/wp-content\/uploads\/2018\/03\/comusaggard.jpg 833w, https:\/\/usagers-transports.haut-allier.eu\/wp-content\/uploads\/2018\/03\/comusaggard-155x300.jpg 155w, https:\/\/usagers-transports.haut-allier.eu\/wp-content\/uploads\/2018\/03\/comusaggard-528x1024.jpg 528w, https:\/\/usagers-transports.haut-allier.eu\/wp-content\/uploads\/2018\/03\/comusaggard-768x1488.jpg 768w, https:\/\/usagers-transports.haut-allier.eu\/wp-content\/uploads\/2018\/03\/comusaggard-793x1536.jpg 793w\" sizes=\"auto, (max-width: 833px) 100vw, 833px\" \/><\/p>\n","protected":false},"excerpt":{"rendered":"<p>Ils viennent de publier un communiqu\u00e9 100 % usagers intitul\u00e9 \u00ab\u00a0Les usagers en danger\u00a0\u00bb. Le voici : &nbsp;<\/p>\n","protected":false},"author":1,"featured_media":2339,"comment_status":"open","ping_status":"open","sticky":false,"template":"","format":"standard","meta":{"footnotes":""},"categories":[3],"tags":[],"class_list":["post-447","post","type-post","status-publish","format-standard","has-post-thumbnail","hentry","category-en-train"],"_links":{"self":[{"href":"https:\/\/usagers-transports.haut-allier.eu\/index.php\/wp-json\/wp\/v2\/posts\/447","targetHints":{"allow":["GET"]}}],"collection":[{"href":"https:\/\/usagers-transports.haut-allier.eu\/index.php\/wp-json\/wp\/v2\/posts"}],"about":[{"href":"https:\/\/usagers-transports.haut-allier.eu\/index.php\/wp-json\/wp\/v2\/types\/post"}],"author":[{"embeddable":true,"href":"https:\/\/usagers-transports.haut-allier.eu\/index.php\/wp-json\/wp\/v2\/users\/1"}],"replies":[{"embeddable":true,"href":"https:\/\/usagers-transports.haut-allier.eu\/index.php\/wp-json\/wp\/v2\/comments?post=447"}],"version-history":[{"count":0,"href":"https:\/\/usagers-transports.haut-allier.eu\/index.php\/wp-json\/wp\/v2\/posts\/447\/revisions"}],"wp:featuredmedia":[{"embeddable":true,"href":"https:\/\/usagers-transports.haut-allier.eu\/index.php\/wp-json\/wp\/v2\/media\/2339"}],"wp:attachment":[{"href":"https:\/\/usagers-transports.haut-allier.eu\/index.php\/wp-json\/wp\/v2\/media?parent=447"}],"wp:term":[{"taxonomy":"category","embeddable":true,"href":"https:\/\/usagers-transports.haut-allier.eu\/index.php\/wp-json\/wp\/v2\/categories?post=447"},{"taxonomy":"post_tag","embeddable":true,"href":"https:\/\/usagers-transports.haut-allier.eu\/index.php\/wp-json\/wp\/v2\/tags?post=447"}],"curies":[{"name":"wp","href":"https:\/\/api.w.org\/{rel}","templated":true}]}}