{"id":448,"date":"2018-03-13T10:59:08","date_gmt":"2018-03-13T09:59:08","guid":{"rendered":"http:\/\/5.45.101.177\/haut-allier\/usagers-transportse\/index.php\/2018\/03\/13\/une-journee-entre-langogne-et-le448\/"},"modified":"2018-03-13T10:59:08","modified_gmt":"2018-03-13T09:59:08","slug":"une-journee-entre-langogne-et-le448","status":"publish","type":"post","link":"https:\/\/usagers-transports.haut-allier.eu\/index.php\/2018\/03\/13\/une-journee-entre-langogne-et-le448\/","title":{"rendered":"Une journ\u00e9e entre Langogne et Le Lioran \u00e0 bord d&rsquo;un train mythique"},"content":{"rendered":"<p>Pour la f\u00eate de la Montagne l&rsquo;association AP 2800 organise un voyage le 28 juillet sur une journ\u00e9e entre Langogne et Le Lioran, passage dans les gorges de l&rsquo;Allier et de l&rsquo;Alagnon, des paysages somptueux&#8230; Avec un autorail mythique le X 2809.<br \/>\n&nbsp;<br \/>\n<img loading=\"lazy\" decoding=\"async\" class=\" aligncenter size-full wp-image-2342\" src=\"http:\/\/5.45.101.177\/haut-allier\/usagers-transportse\/wp-content\/uploads\/2018\/03\/joxi_screenshot_1520934954789.png\" alt=\"joxi_screenshot_1520934954789.png\" align=\"center\" width=\"713\" height=\"414\" srcset=\"https:\/\/usagers-transports.haut-allier.eu\/wp-content\/uploads\/2018\/03\/joxi_screenshot_1520934954789.png 713w, https:\/\/usagers-transports.haut-allier.eu\/wp-content\/uploads\/2018\/03\/joxi_screenshot_1520934954789-300x174.png 300w\" sizes=\"auto, (max-width: 713px) 100vw, 713px\" \/><br \/>\n&nbsp;<br \/>\nSi certains d&rsquo;entre vous sont int\u00e9ress\u00e9s merci d&rsquo;en faire part pour obtenir des tarifs groupe au : <a href=\"mailto:collectiftrainvillefort@gmail.com\">collectiftrainvillefort@gmail.com<\/a><\/p>\n<p>&nbsp;<br \/>\nVisiter le site de l&rsquo; <a href=\"http:\/\/ap2800.fr\/lioran.html\">Association des Passionn\u00e9s de l&rsquo;X 2800<\/a><\/p>\n","protected":false},"excerpt":{"rendered":"<p>Pour la f\u00eate de la Montagne l&rsquo;association AP 2800 organise un voyage le 28 juillet sur une journ\u00e9e<\/p>\n","protected":false},"author":1,"featured_media":2341,"comment_status":"open","ping_status":"open","sticky":false,"template":"","format":"standard","meta":{"footnotes":""},"categories":[3],"tags":[],"class_list":["post-448","post","type-post","status-publish","format-standard","has-post-thumbnail","hentry","category-en-train"],"_links":{"self":[{"href":"https:\/\/usagers-transports.haut-allier.eu\/index.php\/wp-json\/wp\/v2\/posts\/448","targetHints":{"allow":["GET"]}}],"collection":[{"href":"https:\/\/usagers-transports.haut-allier.eu\/index.php\/wp-json\/wp\/v2\/posts"}],"about":[{"href":"https:\/\/usagers-transports.haut-allier.eu\/index.php\/wp-json\/wp\/v2\/types\/post"}],"author":[{"embeddable":true,"href":"https:\/\/usagers-transports.haut-allier.eu\/index.php\/wp-json\/wp\/v2\/users\/1"}],"replies":[{"embeddable":true,"href":"https:\/\/usagers-transports.haut-allier.eu\/index.php\/wp-json\/wp\/v2\/comments?post=448"}],"version-history":[{"count":0,"href":"https:\/\/usagers-transports.haut-allier.eu\/index.php\/wp-json\/wp\/v2\/posts\/448\/revisions"}],"wp:featuredmedia":[{"embeddable":true,"href":"https:\/\/usagers-transports.haut-allier.eu\/index.php\/wp-json\/wp\/v2\/media\/2341"}],"wp:attachment":[{"href":"https:\/\/usagers-transports.haut-allier.eu\/index.php\/wp-json\/wp\/v2\/media?parent=448"}],"wp:term":[{"taxonomy":"category","embeddable":true,"href":"https:\/\/usagers-transports.haut-allier.eu\/index.php\/wp-json\/wp\/v2\/categories?post=448"},{"taxonomy":"post_tag","embeddable":true,"href":"https:\/\/usagers-transports.haut-allier.eu\/index.php\/wp-json\/wp\/v2\/tags?post=448"}],"curies":[{"name":"wp","href":"https:\/\/api.w.org\/{rel}","templated":true}]}}