{"id":45,"date":"2013-03-24T09:31:42","date_gmt":"2013-03-24T08:31:42","guid":{"rendered":"http:\/\/5.45.101.177\/haut-allier\/usagers-transportse\/index.php\/2013\/03\/24\/l-exasperation-des-elus-qui045\/"},"modified":"2013-03-24T09:31:42","modified_gmt":"2013-03-24T08:31:42","slug":"l-exasperation-des-elus-qui045","status":"publish","type":"post","link":"https:\/\/usagers-transports.haut-allier.eu\/index.php\/2013\/03\/24\/l-exasperation-des-elus-qui045\/","title":{"rendered":"L&rsquo;exasp\u00e9ration des \u00e9lus qui d\u00e9fendent le C\u00e9venol"},"content":{"rendered":"<p>Ce jeudi 21 mars avait lieu \u00e0 Langogne l&rsquo;assembl\u00e9e g\u00e9n\u00e9rale de l&rsquo;association des \u00e9lus pour la d\u00e9fense du C\u00e9venol. Outre le mensonge concernant la poursuite du trajet du C\u00e9venol jusqu&rsquo;\u00e0 Marseille \u00e0 partir d&rsquo;avril 2013, les \u00e9lus craignent maintenant la fermeture des guichets des gares et se questionnent sur la r\u00e9servation quasi impossible des places sur le C\u00e9venol via l&#8217;embrouillamini des sites Internet de la SNCF.<\/p>\n<p>Un <a href=\"http:\/\/www.leveil.fr\/actualite\/Defense-du-Cevenol-a-Langogne-l-exasperation-102301\">article<\/a> sur l&rsquo;Eveil de la Haute-Loire.<\/p>\n","protected":false},"excerpt":{"rendered":"<p>Ce jeudi 21 mars avait lieu \u00e0 Langogne l&rsquo;assembl\u00e9e g\u00e9n\u00e9rale de l&rsquo;association des \u00e9lus pour la d\u00e9fense du<\/p>\n","protected":false},"author":1,"featured_media":0,"comment_status":"closed","ping_status":"open","sticky":false,"template":"","format":"standard","meta":{"footnotes":""},"categories":[2],"tags":[],"class_list":["post-45","post","type-post","status-publish","format-standard","hentry","category-infos"],"_links":{"self":[{"href":"https:\/\/usagers-transports.haut-allier.eu\/index.php\/wp-json\/wp\/v2\/posts\/45","targetHints":{"allow":["GET"]}}],"collection":[{"href":"https:\/\/usagers-transports.haut-allier.eu\/index.php\/wp-json\/wp\/v2\/posts"}],"about":[{"href":"https:\/\/usagers-transports.haut-allier.eu\/index.php\/wp-json\/wp\/v2\/types\/post"}],"author":[{"embeddable":true,"href":"https:\/\/usagers-transports.haut-allier.eu\/index.php\/wp-json\/wp\/v2\/users\/1"}],"replies":[{"embeddable":true,"href":"https:\/\/usagers-transports.haut-allier.eu\/index.php\/wp-json\/wp\/v2\/comments?post=45"}],"version-history":[{"count":0,"href":"https:\/\/usagers-transports.haut-allier.eu\/index.php\/wp-json\/wp\/v2\/posts\/45\/revisions"}],"wp:attachment":[{"href":"https:\/\/usagers-transports.haut-allier.eu\/index.php\/wp-json\/wp\/v2\/media?parent=45"}],"wp:term":[{"taxonomy":"category","embeddable":true,"href":"https:\/\/usagers-transports.haut-allier.eu\/index.php\/wp-json\/wp\/v2\/categories?post=45"},{"taxonomy":"post_tag","embeddable":true,"href":"https:\/\/usagers-transports.haut-allier.eu\/index.php\/wp-json\/wp\/v2\/tags?post=45"}],"curies":[{"name":"wp","href":"https:\/\/api.w.org\/{rel}","templated":true}]}}