{"id":450,"date":"2018-03-17T07:12:49","date_gmt":"2018-03-17T06:12:49","guid":{"rendered":"http:\/\/5.45.101.177\/haut-allier\/usagers-transportse\/index.php\/2018\/03\/17\/le-calendrier-des-36-jours-de450\/"},"modified":"2018-03-17T07:12:49","modified_gmt":"2018-03-17T06:12:49","slug":"le-calendrier-des-36-jours-de450","status":"publish","type":"post","link":"https:\/\/usagers-transports.haut-allier.eu\/index.php\/2018\/03\/17\/le-calendrier-des-36-jours-de450\/","title":{"rendered":"Le calendrier des 36 jours de gr\u00e8ve SNCF"},"content":{"rendered":"<p>Non seulement nous sommes impact\u00e9s par les travaux jusqu&rsquo;au 4 mai mais voil\u00e0 que la gr\u00e8ve \u00e0 rallonge des cheminots impacte les usagers jusqu&rsquo;\u00e0 fin juin.<br \/>\n&nbsp;<br \/>\n<em>Le calendrier des 36 jours de gr\u00e8ve SNCF avec les dates des jours f\u00e9ri\u00e9s et des vacances scolaires en fonction des zones A, B ou C<\/em><br \/>\n&nbsp;<br \/>\n<img loading=\"lazy\" decoding=\"async\" class=\" aligncenter size-full wp-image-2345\" src=\"http:\/\/5.45.101.177\/haut-allier\/usagers-transportse\/wp-content\/uploads\/2018\/03\/calendriergrevetroismois10742341.jpg\" alt=\"calendriergrevetroismois10742341.jpg\" align=\"center\" width=\"600\" height=\"858\" srcset=\"https:\/\/usagers-transports.haut-allier.eu\/wp-content\/uploads\/2018\/03\/calendriergrevetroismois10742341.jpg 600w, https:\/\/usagers-transports.haut-allier.eu\/wp-content\/uploads\/2018\/03\/calendriergrevetroismois10742341-210x300.jpg 210w\" sizes=\"auto, (max-width: 600px) 100vw, 600px\" \/><br \/>\n&nbsp;<br \/>\n<a href=\"http:\/\/www.linternaute.com\/sortir\/magazine\/1400252-greve-sncf-dates-et-calendrier-complet-des-perturbations-en-2018\/\">Avec l&rsquo;Internaute.<\/a><\/p>\n","protected":false},"excerpt":{"rendered":"<p>Non seulement nous sommes impact\u00e9s par les travaux jusqu&rsquo;au 4 mai mais voil\u00e0 que la gr\u00e8ve \u00e0 rallonge<\/p>\n","protected":false},"author":1,"featured_media":2344,"comment_status":"open","ping_status":"open","sticky":false,"template":"","format":"standard","meta":{"footnotes":""},"categories":[3],"tags":[],"class_list":["post-450","post","type-post","status-publish","format-standard","has-post-thumbnail","hentry","category-en-train"],"_links":{"self":[{"href":"https:\/\/usagers-transports.haut-allier.eu\/index.php\/wp-json\/wp\/v2\/posts\/450","targetHints":{"allow":["GET"]}}],"collection":[{"href":"https:\/\/usagers-transports.haut-allier.eu\/index.php\/wp-json\/wp\/v2\/posts"}],"about":[{"href":"https:\/\/usagers-transports.haut-allier.eu\/index.php\/wp-json\/wp\/v2\/types\/post"}],"author":[{"embeddable":true,"href":"https:\/\/usagers-transports.haut-allier.eu\/index.php\/wp-json\/wp\/v2\/users\/1"}],"replies":[{"embeddable":true,"href":"https:\/\/usagers-transports.haut-allier.eu\/index.php\/wp-json\/wp\/v2\/comments?post=450"}],"version-history":[{"count":0,"href":"https:\/\/usagers-transports.haut-allier.eu\/index.php\/wp-json\/wp\/v2\/posts\/450\/revisions"}],"wp:featuredmedia":[{"embeddable":true,"href":"https:\/\/usagers-transports.haut-allier.eu\/index.php\/wp-json\/wp\/v2\/media\/2344"}],"wp:attachment":[{"href":"https:\/\/usagers-transports.haut-allier.eu\/index.php\/wp-json\/wp\/v2\/media?parent=450"}],"wp:term":[{"taxonomy":"category","embeddable":true,"href":"https:\/\/usagers-transports.haut-allier.eu\/index.php\/wp-json\/wp\/v2\/categories?post=450"},{"taxonomy":"post_tag","embeddable":true,"href":"https:\/\/usagers-transports.haut-allier.eu\/index.php\/wp-json\/wp\/v2\/tags?post=450"}],"curies":[{"name":"wp","href":"https:\/\/api.w.org\/{rel}","templated":true}]}}