{"id":451,"date":"2018-03-20T13:19:59","date_gmt":"2018-03-20T12:19:59","guid":{"rendered":"http:\/\/5.45.101.177\/haut-allier\/usagers-transportse\/index.php\/2018\/03\/20\/sncf-france-3-national-voyage-au451\/"},"modified":"2018-03-20T13:19:59","modified_gmt":"2018-03-20T12:19:59","slug":"sncf-france-3-national-voyage-au451","status":"publish","type":"post","link":"https:\/\/usagers-transports.haut-allier.eu\/index.php\/2018\/03\/20\/sncf-france-3-national-voyage-au451\/","title":{"rendered":"SNCF : France 3 national voyage au c\u0153ur de la \u00ab\u00a0petite\u00a0\u00bb ligne des C\u00e9vennes"},"content":{"rendered":"<p>Le journal t\u00e9l\u00e9vis\u00e9 du soir dans sa rubrique Grand Format a consacr\u00e9 ce samedi 17 mars 2018 \u00e0 la ligne des C\u00e9vennes et au train C\u00e9venol :<br \/>\n&nbsp;<br \/>\nPlusieurs milliers de kilom\u00e8tres de petites lignes pourraient bient\u00f4t dispara\u00eetre au profit des bus. Alors que le gouvernement renvoie la balle aux r\u00e9gions, France 3 part \u00e0 la rencontre des usagers du train des C\u00e9vennes.<br \/>\n&nbsp;<br \/>\n<iframe loading=\"lazy\" width=\"560\" height=\"315\" src=\"\/\/embedftv-a.akamaihd.net\/787a5f11d3b2ff65675333ae9826d9a4\" frameborder=\"0\" scrolling=\"no\" allowfullscreen><\/iframe><\/p>\n","protected":false},"excerpt":{"rendered":"<p>Le journal t\u00e9l\u00e9vis\u00e9 du soir dans sa rubrique Grand Format a consacr\u00e9 ce samedi 17 mars 2018 \u00e0<\/p>\n","protected":false},"author":1,"featured_media":2346,"comment_status":"open","ping_status":"open","sticky":false,"template":"","format":"standard","meta":{"footnotes":""},"categories":[3],"tags":[],"class_list":["post-451","post","type-post","status-publish","format-standard","has-post-thumbnail","hentry","category-en-train"],"_links":{"self":[{"href":"https:\/\/usagers-transports.haut-allier.eu\/index.php\/wp-json\/wp\/v2\/posts\/451","targetHints":{"allow":["GET"]}}],"collection":[{"href":"https:\/\/usagers-transports.haut-allier.eu\/index.php\/wp-json\/wp\/v2\/posts"}],"about":[{"href":"https:\/\/usagers-transports.haut-allier.eu\/index.php\/wp-json\/wp\/v2\/types\/post"}],"author":[{"embeddable":true,"href":"https:\/\/usagers-transports.haut-allier.eu\/index.php\/wp-json\/wp\/v2\/users\/1"}],"replies":[{"embeddable":true,"href":"https:\/\/usagers-transports.haut-allier.eu\/index.php\/wp-json\/wp\/v2\/comments?post=451"}],"version-history":[{"count":0,"href":"https:\/\/usagers-transports.haut-allier.eu\/index.php\/wp-json\/wp\/v2\/posts\/451\/revisions"}],"wp:featuredmedia":[{"embeddable":true,"href":"https:\/\/usagers-transports.haut-allier.eu\/index.php\/wp-json\/wp\/v2\/media\/2346"}],"wp:attachment":[{"href":"https:\/\/usagers-transports.haut-allier.eu\/index.php\/wp-json\/wp\/v2\/media?parent=451"}],"wp:term":[{"taxonomy":"category","embeddable":true,"href":"https:\/\/usagers-transports.haut-allier.eu\/index.php\/wp-json\/wp\/v2\/categories?post=451"},{"taxonomy":"post_tag","embeddable":true,"href":"https:\/\/usagers-transports.haut-allier.eu\/index.php\/wp-json\/wp\/v2\/tags?post=451"}],"curies":[{"name":"wp","href":"https:\/\/api.w.org\/{rel}","templated":true}]}}