{"id":452,"date":"2018-03-20T18:23:32","date_gmt":"2018-03-20T17:23:32","guid":{"rendered":"http:\/\/5.45.101.177\/haut-allier\/usagers-transportse\/index.php\/2018\/03\/20\/trahisons-du-passe-et-du-present452\/"},"modified":"2018-03-20T18:23:32","modified_gmt":"2018-03-20T17:23:32","slug":"trahisons-du-passe-et-du-present452","status":"publish","type":"post","link":"https:\/\/usagers-transports.haut-allier.eu\/index.php\/2018\/03\/20\/trahisons-du-passe-et-du-present452\/","title":{"rendered":"Trahisons du pass\u00e9 et du pr\u00e9sent : Du fiel pour la SNCF"},"content":{"rendered":"<p>Jean-Louis Roche, instituteur \u00e0 la retraite, actuellement dans le brivadois, grand narrateur, est lui aussi un d\u00e9\u00e7u du rail et surtout un d\u00e9go\u00fbt\u00e9 comme beaucoup de sa gestion pass\u00e9e et actuelle par la soci\u00e9t\u00e9 dite ferroviaire.<br \/>\n&nbsp;<br \/>\nD&rsquo;un ton clair, il a \u00e9crit sa rancoeur. Un r\u00e9cit de son exp\u00e9rience personnelle qui date d\u00e9j\u00e0 d&rsquo;une vingtaine d&rsquo;ann\u00e9es et qui sonne encore tr\u00e8s vrai. Il nous l&rsquo;a confi\u00e9 tel que. Bonne lecture (cliquer pour obtenir le PDF).<br \/>\n&nbsp;<br \/>\n<a href=\"http:\/\/5.45.101.177\/haut-allier\/usagers-transportse\/wp-content\/uploads\/2018\/03\/du-fiel-c.pdf\">du-fiel-c.pdf<\/a><br \/>\n&nbsp;<\/p>\n","protected":false},"excerpt":{"rendered":"<p>Jean-Louis Roche, instituteur \u00e0 la retraite, actuellement dans le brivadois, grand narrateur, est lui aussi un d\u00e9\u00e7u du<\/p>\n","protected":false},"author":1,"featured_media":2347,"comment_status":"open","ping_status":"open","sticky":false,"template":"","format":"standard","meta":{"footnotes":""},"categories":[3],"tags":[],"class_list":["post-452","post","type-post","status-publish","format-standard","has-post-thumbnail","hentry","category-en-train"],"_links":{"self":[{"href":"https:\/\/usagers-transports.haut-allier.eu\/index.php\/wp-json\/wp\/v2\/posts\/452","targetHints":{"allow":["GET"]}}],"collection":[{"href":"https:\/\/usagers-transports.haut-allier.eu\/index.php\/wp-json\/wp\/v2\/posts"}],"about":[{"href":"https:\/\/usagers-transports.haut-allier.eu\/index.php\/wp-json\/wp\/v2\/types\/post"}],"author":[{"embeddable":true,"href":"https:\/\/usagers-transports.haut-allier.eu\/index.php\/wp-json\/wp\/v2\/users\/1"}],"replies":[{"embeddable":true,"href":"https:\/\/usagers-transports.haut-allier.eu\/index.php\/wp-json\/wp\/v2\/comments?post=452"}],"version-history":[{"count":0,"href":"https:\/\/usagers-transports.haut-allier.eu\/index.php\/wp-json\/wp\/v2\/posts\/452\/revisions"}],"wp:featuredmedia":[{"embeddable":true,"href":"https:\/\/usagers-transports.haut-allier.eu\/index.php\/wp-json\/wp\/v2\/media\/2347"}],"wp:attachment":[{"href":"https:\/\/usagers-transports.haut-allier.eu\/index.php\/wp-json\/wp\/v2\/media?parent=452"}],"wp:term":[{"taxonomy":"category","embeddable":true,"href":"https:\/\/usagers-transports.haut-allier.eu\/index.php\/wp-json\/wp\/v2\/categories?post=452"},{"taxonomy":"post_tag","embeddable":true,"href":"https:\/\/usagers-transports.haut-allier.eu\/index.php\/wp-json\/wp\/v2\/tags?post=452"}],"curies":[{"name":"wp","href":"https:\/\/api.w.org\/{rel}","templated":true}]}}