{"id":454,"date":"2018-04-08T20:17:37","date_gmt":"2018-04-08T18:17:37","guid":{"rendered":"http:\/\/5.45.101.177\/haut-allier\/usagers-transportse\/index.php\/2018\/04\/08\/service-public-des-trains-dans-le454\/"},"modified":"2018-04-08T20:17:37","modified_gmt":"2018-04-08T18:17:37","slug":"service-public-des-trains-dans-le454","status":"publish","type":"post","link":"https:\/\/usagers-transports.haut-allier.eu\/index.php\/2018\/04\/08\/service-public-des-trains-dans-le454\/","title":{"rendered":"Service public des trains dans le Massif central : le silence de la r\u00e9gion AURA en dit long. Nos explications"},"content":{"rendered":"<p>Nous avons compris ces derniers temps pourquoi la r\u00e9gion Auvergne Rh\u00f4ne Alpes \u00e9tait toujours aussi muette concernant le service aux voyageurs par train dont elle a la charge, m\u00eame avec la nouvelle charg\u00e9e des transports Martine Guibert, qui a apparemment bien appris les consignes d&rsquo;opacit\u00e9 du pr\u00e9sident Wauquiez. Celui-ci vient d&rsquo;ailleurs d&rsquo;exp\u00e9dier le responsable du cabinet transports de Guibert qui communiquait un peu trop avec les usagers, deux mails en deux ans, pour y nommer une caporale plus fid\u00e8le politiquement, un nouvel oeil de Moscou qui, gageons le, am\u00e8nera cette fois ci les relations avec les voyageurs au n\u00e9ant total.<br \/>\n&nbsp;<br \/>\nCe mutisme s&rsquo;explique. Nous avons pu discuter ce week-end avec l&rsquo;homologue de Madame Guibert en Occitanie, Jean-Luc Gibelin, qui se trouvait \u00e0 Langogne pour une r\u00e9union de pr\u00e9paration concernant la c\u00e9l\u00e9bration des 150 ans de la ligne du train C\u00e9venol. Guibert y \u00e9tait d&rsquo;ailleurs invit\u00e9e, elle s&rsquo;est excus\u00e9e. Voici ce qu&rsquo;il ressort de cet entretien :<br \/>\n&nbsp;<br \/>\n&#8211; il a rencontr\u00e9 r\u00e9cemment la dame d&rsquo;AURA qui lui a bien pr\u00e9cis\u00e9 que sa r\u00e9gion ne voulait pas investir un centime dans la ligne du train Aubrac B\u00e9ziers Clermont,<br \/>\n&#8211; la r\u00e9gion Occitanie va donc, pour palier une nouvelle fois \u00e0 la r\u00e9gion Auvergne Rh\u00f4ne Alpes, soutenir le classement du viaduc de Garabit (Cantal &#8211; Auvergne) \u00e0 l&rsquo;UNESCO et faire le n\u00e9cessaire pour la voie et donc le fret d&rsquo;Arcelor Mital,<br \/>\n&#8211; elle lui a \u00e9galement pr\u00e9cis\u00e9, <strong>du bout des l\u00e8vres<\/strong>, que par contre elle \u00e9tait d&rsquo;accord pour maintenir la ligne Clermont-Ferrand N\u00eemes,<br \/>\n&#8211;  sachant que les cr\u00e9dits des travaux pr\u00e9vus cette ann\u00e9e sur notre ligne Clermont N\u00eemes, r\u00e9fection du tunnel du Crest et travaux de maintien des voies, ont \u00e9t\u00e9 d\u00e9plac\u00e9s en douce sur le secteur de Chamb\u00e9ry on peut craindre \u00e0 pr\u00e9sent une fermeture prochaine \u00e0 la circulation des trains, ce programme n&rsquo;\u00e9tait en effet pr\u00e9vu que pour la maintenir a minima.<br \/>\n&#8211; il nous a dit clairement que le gestionnaire r\u00e9seau de la ligne N\u00eemes Clermont est actuellement de fait la direction SNCF Occitanie \u00e0 Toulouse, ce qui peut expliquer les fiches de travaux farfelues de la r\u00e9gion SNCF TER Aura,<br \/>\n&#8211; il nous confirme aussi que le gestionnaire des transports principal est la r\u00e9gion Occitanie jusqu&rsquo;\u00e0 Clermont, elle fait circuler les deux trains actuels sur les trois existants, ce qui peut expliquer l\u00e0 aussi que le seul TER g\u00e9r\u00e9 par AURA est tr\u00e8s souvent d\u00e9programm\u00e9, absent, annul\u00e9 etc&#8230; la r\u00e9gion de Wauquiez et SNCF TER Lyon sont en train de le saborder.<\/p>\n<p>&nbsp;<br \/>\nEn esp\u00e9rant que tout ceci vous \u00e9clairera des intentions du Sieur Wauquiez pour le bon d\u00e9veloppement du massif central et de l&rsquo;Auvergne.<\/p>\n","protected":false},"excerpt":{"rendered":"<p>Nous avons compris ces derniers temps pourquoi la r\u00e9gion Auvergne Rh\u00f4ne Alpes \u00e9tait toujours aussi muette concernant le<\/p>\n","protected":false},"author":1,"featured_media":2350,"comment_status":"open","ping_status":"open","sticky":false,"template":"","format":"standard","meta":{"footnotes":""},"categories":[3],"tags":[],"class_list":["post-454","post","type-post","status-publish","format-standard","has-post-thumbnail","hentry","category-en-train"],"_links":{"self":[{"href":"https:\/\/usagers-transports.haut-allier.eu\/index.php\/wp-json\/wp\/v2\/posts\/454","targetHints":{"allow":["GET"]}}],"collection":[{"href":"https:\/\/usagers-transports.haut-allier.eu\/index.php\/wp-json\/wp\/v2\/posts"}],"about":[{"href":"https:\/\/usagers-transports.haut-allier.eu\/index.php\/wp-json\/wp\/v2\/types\/post"}],"author":[{"embeddable":true,"href":"https:\/\/usagers-transports.haut-allier.eu\/index.php\/wp-json\/wp\/v2\/users\/1"}],"replies":[{"embeddable":true,"href":"https:\/\/usagers-transports.haut-allier.eu\/index.php\/wp-json\/wp\/v2\/comments?post=454"}],"version-history":[{"count":0,"href":"https:\/\/usagers-transports.haut-allier.eu\/index.php\/wp-json\/wp\/v2\/posts\/454\/revisions"}],"wp:featuredmedia":[{"embeddable":true,"href":"https:\/\/usagers-transports.haut-allier.eu\/index.php\/wp-json\/wp\/v2\/media\/2350"}],"wp:attachment":[{"href":"https:\/\/usagers-transports.haut-allier.eu\/index.php\/wp-json\/wp\/v2\/media?parent=454"}],"wp:term":[{"taxonomy":"category","embeddable":true,"href":"https:\/\/usagers-transports.haut-allier.eu\/index.php\/wp-json\/wp\/v2\/categories?post=454"},{"taxonomy":"post_tag","embeddable":true,"href":"https:\/\/usagers-transports.haut-allier.eu\/index.php\/wp-json\/wp\/v2\/tags?post=454"}],"curies":[{"name":"wp","href":"https:\/\/api.w.org\/{rel}","templated":true}]}}