{"id":455,"date":"2018-04-12T07:27:35","date_gmt":"2018-04-12T05:27:35","guid":{"rendered":"http:\/\/5.45.101.177\/haut-allier\/usagers-transportse\/index.php\/2018\/04\/12\/les-transports-du-futur-en455\/"},"modified":"2018-04-12T07:27:35","modified_gmt":"2018-04-12T05:27:35","slug":"les-transports-du-futur-en455","status":"publish","type":"post","link":"https:\/\/usagers-transports.haut-allier.eu\/index.php\/2018\/04\/12\/les-transports-du-futur-en455\/","title":{"rendered":"Les transports du futur en Occitanie"},"content":{"rendered":"<p>Le magazine Enqu\u00eates de r\u00e9gion de France 3 Occitanie s&rsquo;est pench\u00e9 ce mois d&rsquo;avril 2018 sur le futur des transports dans la r\u00e9gion et aussi sur le service ferroviaire dans le sud du massif central.<br \/>\n&nbsp;<br \/>\nTout est ici :<br \/>\n&nbsp;<br \/>\n<a href=\"https:\/\/france3-regions.francetvinfo.fr\/occitanie\/emissions\/enquetes-de-regions-1\/transports-occitanie-quelles-evolutions-quels-services-1455765.html\"> Transports en Occitanie : quelles \u00e9volutions pour quels services ?<\/a><br \/>\n&nbsp;<br \/>\n<iframe loading=\"lazy\" width=\"560\" height=\"315\" src=\"\/\/embedftv-a.akamaihd.net\/8e95b2ad507312350ee0218aecf1abe6\" frameborder=\"0\" scrolling=\"no\" allowfullscreen><\/iframe><\/p>\n","protected":false},"excerpt":{"rendered":"<p>Le magazine Enqu\u00eates de r\u00e9gion de France 3 Occitanie s&rsquo;est pench\u00e9 ce mois d&rsquo;avril 2018 sur le futur<\/p>\n","protected":false},"author":1,"featured_media":2351,"comment_status":"open","ping_status":"open","sticky":false,"template":"","format":"standard","meta":{"footnotes":""},"categories":[2],"tags":[],"class_list":["post-455","post","type-post","status-publish","format-standard","has-post-thumbnail","hentry","category-infos"],"_links":{"self":[{"href":"https:\/\/usagers-transports.haut-allier.eu\/index.php\/wp-json\/wp\/v2\/posts\/455","targetHints":{"allow":["GET"]}}],"collection":[{"href":"https:\/\/usagers-transports.haut-allier.eu\/index.php\/wp-json\/wp\/v2\/posts"}],"about":[{"href":"https:\/\/usagers-transports.haut-allier.eu\/index.php\/wp-json\/wp\/v2\/types\/post"}],"author":[{"embeddable":true,"href":"https:\/\/usagers-transports.haut-allier.eu\/index.php\/wp-json\/wp\/v2\/users\/1"}],"replies":[{"embeddable":true,"href":"https:\/\/usagers-transports.haut-allier.eu\/index.php\/wp-json\/wp\/v2\/comments?post=455"}],"version-history":[{"count":0,"href":"https:\/\/usagers-transports.haut-allier.eu\/index.php\/wp-json\/wp\/v2\/posts\/455\/revisions"}],"wp:featuredmedia":[{"embeddable":true,"href":"https:\/\/usagers-transports.haut-allier.eu\/index.php\/wp-json\/wp\/v2\/media\/2351"}],"wp:attachment":[{"href":"https:\/\/usagers-transports.haut-allier.eu\/index.php\/wp-json\/wp\/v2\/media?parent=455"}],"wp:term":[{"taxonomy":"category","embeddable":true,"href":"https:\/\/usagers-transports.haut-allier.eu\/index.php\/wp-json\/wp\/v2\/categories?post=455"},{"taxonomy":"post_tag","embeddable":true,"href":"https:\/\/usagers-transports.haut-allier.eu\/index.php\/wp-json\/wp\/v2\/tags?post=455"}],"curies":[{"name":"wp","href":"https:\/\/api.w.org\/{rel}","templated":true}]}}