{"id":456,"date":"2018-04-11T18:33:25","date_gmt":"2018-04-11T16:33:25","guid":{"rendered":"http:\/\/5.45.101.177\/haut-allier\/usagers-transportse\/index.php\/2018\/04\/11\/lettre-a-la-region-auvergne-rhone456\/"},"modified":"2018-04-11T18:33:25","modified_gmt":"2018-04-11T16:33:25","slug":"lettre-a-la-region-auvergne-rhone456","status":"publish","type":"post","link":"https:\/\/usagers-transports.haut-allier.eu\/index.php\/2018\/04\/11\/lettre-a-la-region-auvergne-rhone456\/","title":{"rendered":"Lettre \u00e0 la r\u00e9gion Auvergne Rh\u00f4ne-Alpes au sujet de la ligne ferroviaire Clermont-Ferrand N\u00eemes"},"content":{"rendered":"<p>Nous venons d&rsquo;\u00e9crire \u00e0 Martine Guibert, conseill\u00e8re r\u00e9gionale d\u00e9l\u00e9gu\u00e9e aux transports pour lui demander des explications claires sur l&rsquo;attitude actuelle de la r\u00e9gion AURA et la politique qu&rsquo;elle compte mener concernant la ligne des C\u00e9vennes.<br \/>\n&nbsp;<br \/>\nLe sort de l&rsquo;historique ligne Paris Clermont-Ferrand N\u00eemes Marseille va-t-il \u00eatre similaire \u00e0 celui de la ligne Oyonnax-Saint-Claude qui au 1er Janvier 2018, suite \u00e0 la d\u00e9cision de Laurent Wauquiez de ne plus financer les travaux de r\u00e9g\u00e9n\u00e9ration, a vu sa fermeture par la SNCF ?<br \/>\n&nbsp;<br \/>\nConnaissant l&rsquo;amour profond du natif de Lyon pour l&rsquo;Auvergne et particuli\u00e8rement pour le Haut Allier dont il a sabord\u00e9 le Parc R\u00e9gional des Sources et Gorges de l&rsquo;Allier d\u00e8s son arriv\u00e9e au pouvoir, nous ne pouvons que craindre le pire.<br \/>\n&nbsp;<br \/>\n<a href=\"http:\/\/5.45.101.177\/haut-allier\/usagers-transportse\/wp-content\/uploads\/2018\/04\/lettre-aura-martine-guibert-jeanpierre-vigier-11-avril-2018.pdf\">lettre-aura-martine-guibert-jeanpierre-vigier-11-avril-2018.pdf<\/a><br \/>\n&nbsp;<br \/>\n<strong>Cliquer pour lire en PDF<\/strong><br \/>\n&nbsp;<br \/>\n<em><br \/>\nCopie de cet envoi \u00e0 \u00e9galement \u00e9t\u00e9 fait :<br \/>\n&#8211; au directeur SNCF R\u00e9gional Rh\u00f4ne Alpes Auvergne<br \/>\n&#8211; au d\u00e9put\u00e9 de Haute-Loire Ouest<br \/>\n&#8211; au d\u00e9put\u00e9 de Loz\u00e8re<br \/>\n&#8211; au d\u00e9l\u00e9gu\u00e9 transports de la r\u00e9gion Occitanie<br \/>\n&#8211; aux groupes de d\u00e9fense des usagers des deux r\u00e9gions<br \/>\n&#8211; \u00e0 la presse et aux m\u00e9dias<br \/>\n<\/em><\/p>\n","protected":false},"excerpt":{"rendered":"<p>Nous venons d&rsquo;\u00e9crire \u00e0 Martine Guibert, conseill\u00e8re r\u00e9gionale d\u00e9l\u00e9gu\u00e9e aux transports pour lui demander des explications claires sur<\/p>\n","protected":false},"author":1,"featured_media":2352,"comment_status":"open","ping_status":"open","sticky":false,"template":"","format":"standard","meta":{"footnotes":""},"categories":[3],"tags":[],"class_list":["post-456","post","type-post","status-publish","format-standard","has-post-thumbnail","hentry","category-en-train"],"_links":{"self":[{"href":"https:\/\/usagers-transports.haut-allier.eu\/index.php\/wp-json\/wp\/v2\/posts\/456","targetHints":{"allow":["GET"]}}],"collection":[{"href":"https:\/\/usagers-transports.haut-allier.eu\/index.php\/wp-json\/wp\/v2\/posts"}],"about":[{"href":"https:\/\/usagers-transports.haut-allier.eu\/index.php\/wp-json\/wp\/v2\/types\/post"}],"author":[{"embeddable":true,"href":"https:\/\/usagers-transports.haut-allier.eu\/index.php\/wp-json\/wp\/v2\/users\/1"}],"replies":[{"embeddable":true,"href":"https:\/\/usagers-transports.haut-allier.eu\/index.php\/wp-json\/wp\/v2\/comments?post=456"}],"version-history":[{"count":0,"href":"https:\/\/usagers-transports.haut-allier.eu\/index.php\/wp-json\/wp\/v2\/posts\/456\/revisions"}],"wp:featuredmedia":[{"embeddable":true,"href":"https:\/\/usagers-transports.haut-allier.eu\/index.php\/wp-json\/wp\/v2\/media\/2352"}],"wp:attachment":[{"href":"https:\/\/usagers-transports.haut-allier.eu\/index.php\/wp-json\/wp\/v2\/media?parent=456"}],"wp:term":[{"taxonomy":"category","embeddable":true,"href":"https:\/\/usagers-transports.haut-allier.eu\/index.php\/wp-json\/wp\/v2\/categories?post=456"},{"taxonomy":"post_tag","embeddable":true,"href":"https:\/\/usagers-transports.haut-allier.eu\/index.php\/wp-json\/wp\/v2\/tags?post=456"}],"curies":[{"name":"wp","href":"https:\/\/api.w.org\/{rel}","templated":true}]}}