{"id":458,"date":"2018-04-19T19:33:08","date_gmt":"2018-04-19T17:33:08","guid":{"rendered":"http:\/\/5.45.101.177\/haut-allier\/usagers-transportse\/index.php\/2018\/04\/19\/ardeche-projet-de-train458\/"},"modified":"2018-04-19T19:33:08","modified_gmt":"2018-04-19T17:33:08","slug":"ardeche-projet-de-train458","status":"publish","type":"post","link":"https:\/\/usagers-transports.haut-allier.eu\/index.php\/2018\/04\/19\/ardeche-projet-de-train458\/","title":{"rendered":"Ard\u00e8che : projet de train touristique sur l&rsquo;ancienne ligne Le Teil Al\u00e8s"},"content":{"rendered":"<p>France Bleu Dr\u00f4me Ard\u00e8che nous apprend que ce projet est en bonne voie, c&rsquo;est celui d&rsquo;un jeune entrepreneur de 23 ans d\u00e9j\u00e0 aux commandes d&rsquo;une organisation de V\u00e9lorail sur la m\u00eame voie ferr\u00e9e.<br \/>\n&nbsp;<br \/>\nSi toutes les autorisations sont obtenues cela se passera entre Saint-Jean-le-Centenier et la gare de Montfleury. Il existait un ancien train touristique du sud Ard\u00e8che qui s&rsquo;est arr\u00eat\u00e9 en 2012.<br \/>\n&nbsp;<br \/>\nC&rsquo;est ici :<br \/>\n&nbsp;<br \/>\nFrance Bleu : <a href=\"https:\/\/www.francebleu.fr\/infos\/culture-loisirs\/le-train-touristique-du-sud-ardeche-pourrait-reprendre-du-service-1523631040\">Le train touristique du Sud Ard\u00e8che pourrait reprendre du service<\/a><\/p>\n","protected":false},"excerpt":{"rendered":"<p>France Bleu Dr\u00f4me Ard\u00e8che nous apprend que ce projet est en bonne voie, c&rsquo;est celui d&rsquo;un jeune entrepreneur<\/p>\n","protected":false},"author":1,"featured_media":2356,"comment_status":"open","ping_status":"open","sticky":false,"template":"","format":"standard","meta":{"footnotes":""},"categories":[3],"tags":[],"class_list":["post-458","post","type-post","status-publish","format-standard","has-post-thumbnail","hentry","category-en-train"],"_links":{"self":[{"href":"https:\/\/usagers-transports.haut-allier.eu\/index.php\/wp-json\/wp\/v2\/posts\/458","targetHints":{"allow":["GET"]}}],"collection":[{"href":"https:\/\/usagers-transports.haut-allier.eu\/index.php\/wp-json\/wp\/v2\/posts"}],"about":[{"href":"https:\/\/usagers-transports.haut-allier.eu\/index.php\/wp-json\/wp\/v2\/types\/post"}],"author":[{"embeddable":true,"href":"https:\/\/usagers-transports.haut-allier.eu\/index.php\/wp-json\/wp\/v2\/users\/1"}],"replies":[{"embeddable":true,"href":"https:\/\/usagers-transports.haut-allier.eu\/index.php\/wp-json\/wp\/v2\/comments?post=458"}],"version-history":[{"count":0,"href":"https:\/\/usagers-transports.haut-allier.eu\/index.php\/wp-json\/wp\/v2\/posts\/458\/revisions"}],"wp:featuredmedia":[{"embeddable":true,"href":"https:\/\/usagers-transports.haut-allier.eu\/index.php\/wp-json\/wp\/v2\/media\/2356"}],"wp:attachment":[{"href":"https:\/\/usagers-transports.haut-allier.eu\/index.php\/wp-json\/wp\/v2\/media?parent=458"}],"wp:term":[{"taxonomy":"category","embeddable":true,"href":"https:\/\/usagers-transports.haut-allier.eu\/index.php\/wp-json\/wp\/v2\/categories?post=458"},{"taxonomy":"post_tag","embeddable":true,"href":"https:\/\/usagers-transports.haut-allier.eu\/index.php\/wp-json\/wp\/v2\/tags?post=458"}],"curies":[{"name":"wp","href":"https:\/\/api.w.org\/{rel}","templated":true}]}}