{"id":459,"date":"2018-04-20T11:37:02","date_gmt":"2018-04-20T09:37:02","guid":{"rendered":"http:\/\/5.45.101.177\/haut-allier\/usagers-transportse\/index.php\/2018\/04\/20\/aura-reouverture-de-la-ligne459\/"},"modified":"2018-04-20T11:37:02","modified_gmt":"2018-04-20T09:37:02","slug":"aura-reouverture-de-la-ligne459","status":"publish","type":"post","link":"https:\/\/usagers-transports.haut-allier.eu\/index.php\/2018\/04\/20\/aura-reouverture-de-la-ligne459\/","title":{"rendered":"AURA : r\u00e9ouverture de la ligne Grenoble-Gap ce 20 avril"},"content":{"rendered":"<p>Suite de notre <a href=\"http:\/\/usagers-transports.haut-allier.eu\/?ardeche-projet-de-train,458\"><strong>article<\/strong><\/a> concernant la ligne Grenoble Gap : le <a href=\"http:\/\/etoileferroviairedeveynes.info\">Collectif pour l&rsquo;Etoile ferroviaire de Veynes<\/a> (r\u00e9gion Auvergne Rh\u00f4ne Alpes aussi) nous communique :<br \/>\n&nbsp;<br \/>\n<em><br \/>\n<strong>La mobilisation a pay\u00e9 !<\/strong><br \/>\n&nbsp;<br \/>\nApr\u00e8s plus de deux semaines de fermeture totale, la ligne Grenoble-Gap rouvre ce matin \u00e0 la circulation. D\u2019apr\u00e8s la fiche horaire, 6 trains (sur les 16 que comporte la grille horaire habituelle) doivent rouler au cours de la journ\u00e9e de vendredi. Le Collectif de l\u2019\u00e9toile ferroviaire de Veynes pousse donc un grand cri de soulagement et de victoire. Soulagement, car de nombreuses personnes ont p\u00e2ti d\u2019un service de bus al\u00e9atoire, et ont \u00e9t\u00e9 plong\u00e9es dans l\u2019angoisse du mauvais pr\u00e9sage suscit\u00e9 par cette fermeture. Victoire, car il aura fallu une bataille pour obtenir que les trains roulent \u00e0 nouveau. Sans l\u2019enqu\u00eate men\u00e9e par le Collectif conjointement avec les cheminots, qui a d\u00e9montr\u00e9 que la SNCF avait la capacit\u00e9 technique de faire circuler des trains les jours sans gr\u00e8ve, la direction SNCF continuerait probablement de claironner qu\u2019elle n\u2019a \u00ab pas du tout la volont\u00e9 d\u2019arr\u00eater les trains \u00bb tout en maintenant la ligne ferm\u00e9e.<br \/>\n&nbsp;<br \/>\n<strong>Silence de la R\u00e9gion<\/strong><br \/>\n&nbsp;<br \/>\nL\u2019intervention de plusieurs \u00e9lus a sans doute \u00e9t\u00e9 d\u00e9cisive elle aussi. Le s\u00e9nateur de l\u2019Is\u00e8re Guillaume Gontard, le maire de Grenoble Eric Piolle ont tous deux interpell\u00e9 directement la direction TER \u00e0 Lyon, ainsi contrainte de s\u2019expliquer. Quant \u00e0 la R\u00e9gion, qui est l\u2019autorit\u00e9 organisatrice des TER, elle est rest\u00e9e parfaitement silencieuse : la vice-pr\u00e9sidente aux transports n\u2019a donn\u00e9 aucune suite aux interrogations du Collectif. Un silence qui inqui\u00e8te quant aux intentions de la majorit\u00e9 r\u00e9gionale \u00e0 propos de l\u2019avenir de la ligne. Son pr\u00e9sident Laurent Wauquiez s\u2019est autoproclam\u00e9 sauveteur des petites lignes : il faudrait que ces paroles soient suivies par des actes.<br \/>\n&nbsp;<br \/>\n<strong>Vigilance maintenue<\/strong><br \/>\n&nbsp;<br \/>\nDans les prochains jours, le Collectif maintiendra sa vigilance sur la desserte ferroviaire mise en place les jours sans gr\u00e8ve et sur les dysfonctionnements des cars de remplacement. Il renouvelle donc son appel \u00e0 t\u00e9moignages et \u00e0 mobilisation pour toute \u00e9ventuelle suppression de train non justifi\u00e9e. Et sans attendre, il invite toutes et tous les amis des trains \u00e0 f\u00eater leur retour dans les gares ! Rendez-vous d\u00e9j\u00e0 pr\u00e9vus ce samedi en gare de Clelles-Mens et de Grenoble, o\u00f9 un bouquet de fleurs sera symboliquement remis au conducteur du train. Les horaires des rendez-vous seront pr\u00e9cis\u00e9s en fonction des horaires de circulation des trains.<br \/>\n<\/em><\/p>\n","protected":false},"excerpt":{"rendered":"<p>Suite de notre article concernant la ligne Grenoble Gap : le Collectif pour l&rsquo;Etoile ferroviaire de Veynes (r\u00e9gion<\/p>\n","protected":false},"author":1,"featured_media":2357,"comment_status":"open","ping_status":"open","sticky":false,"template":"","format":"standard","meta":{"footnotes":""},"categories":[3],"tags":[],"class_list":["post-459","post","type-post","status-publish","format-standard","has-post-thumbnail","hentry","category-en-train"],"_links":{"self":[{"href":"https:\/\/usagers-transports.haut-allier.eu\/index.php\/wp-json\/wp\/v2\/posts\/459","targetHints":{"allow":["GET"]}}],"collection":[{"href":"https:\/\/usagers-transports.haut-allier.eu\/index.php\/wp-json\/wp\/v2\/posts"}],"about":[{"href":"https:\/\/usagers-transports.haut-allier.eu\/index.php\/wp-json\/wp\/v2\/types\/post"}],"author":[{"embeddable":true,"href":"https:\/\/usagers-transports.haut-allier.eu\/index.php\/wp-json\/wp\/v2\/users\/1"}],"replies":[{"embeddable":true,"href":"https:\/\/usagers-transports.haut-allier.eu\/index.php\/wp-json\/wp\/v2\/comments?post=459"}],"version-history":[{"count":0,"href":"https:\/\/usagers-transports.haut-allier.eu\/index.php\/wp-json\/wp\/v2\/posts\/459\/revisions"}],"wp:featuredmedia":[{"embeddable":true,"href":"https:\/\/usagers-transports.haut-allier.eu\/index.php\/wp-json\/wp\/v2\/media\/2357"}],"wp:attachment":[{"href":"https:\/\/usagers-transports.haut-allier.eu\/index.php\/wp-json\/wp\/v2\/media?parent=459"}],"wp:term":[{"taxonomy":"category","embeddable":true,"href":"https:\/\/usagers-transports.haut-allier.eu\/index.php\/wp-json\/wp\/v2\/categories?post=459"},{"taxonomy":"post_tag","embeddable":true,"href":"https:\/\/usagers-transports.haut-allier.eu\/index.php\/wp-json\/wp\/v2\/tags?post=459"}],"curies":[{"name":"wp","href":"https:\/\/api.w.org\/{rel}","templated":true}]}}