{"id":46,"date":"2013-03-26T07:51:32","date_gmt":"2013-03-26T06:51:32","guid":{"rendered":"http:\/\/5.45.101.177\/haut-allier\/usagers-transportse\/index.php\/2013\/03\/26\/le-viaduc-de-courbessac-a-37046\/"},"modified":"2013-03-26T07:51:32","modified_gmt":"2013-03-26T06:51:32","slug":"le-viaduc-de-courbessac-a-37046","status":"publish","type":"post","link":"https:\/\/usagers-transports.haut-allier.eu\/index.php\/2013\/03\/26\/le-viaduc-de-courbessac-a-37046\/","title":{"rendered":"Le viaduc de Courbessac \u00e0 37 millions d&rsquo;euros ne fait gagner qu&rsquo;une \u00e0 trois minutes aux TER !"},"content":{"rendered":"<p>Hier lundi 25 mars a eu lieu la mise en service du viaduc de Courbessac \u00e0 N\u00eemes sur la ligne N\u00eemes Clermont-Ferrand. La configuration de la gare de N\u00eemes obligeait l&rsquo;arr\u00eat des trains puis une marche arri\u00e8re sur quelques kilom\u00e8tres vers la station. Les temps de parcours devraient \u00eatre diminu\u00e9s sur tous les trains partant et venant \u00e0 Clermont-Ferrand. En th\u00e9orie ! Car on constate par rapport aux horaires de la semaine derni\u00e8re que le C\u00e9venol gagne effectivement 20 minutes dans un sens sur son parcours et rien du tout dans l&rsquo;autre mais <strong>les TER vers Clermont ne gagnent qu&rsquo;une petite minute dans un sens et trois dans l&rsquo;autre ! <\/strong> Cherchez l&rsquo;erreur \u00e0 37,3 millions d\u2019euros&#8230;<\/p>\n<p><img loading=\"lazy\" decoding=\"async\" class=\" aligncenter size-full wp-image-1411\" src=\"http:\/\/5.45.101.177\/haut-allier\/usagers-transportse\/wp-content\/uploads\/2013\/03\/viaduc_image.jpg\" alt=\"viaduc_image.jpg\" align=\"center\" width=\"527\" height=\"370\" srcset=\"https:\/\/usagers-transports.haut-allier.eu\/wp-content\/uploads\/2013\/03\/viaduc_image.jpg 527w, https:\/\/usagers-transports.haut-allier.eu\/wp-content\/uploads\/2013\/03\/viaduc_image-300x211.jpg 300w\" sizes=\"auto, (max-width: 527px) 100vw, 527px\" \/><\/p>\n","protected":false},"excerpt":{"rendered":"<p>Hier lundi 25 mars a eu lieu la mise en service du viaduc de Courbessac \u00e0 N\u00eemes sur<\/p>\n","protected":false},"author":1,"featured_media":1411,"comment_status":"closed","ping_status":"open","sticky":false,"template":"","format":"standard","meta":{"footnotes":""},"categories":[2],"tags":[],"class_list":["post-46","post","type-post","status-publish","format-standard","has-post-thumbnail","hentry","category-infos"],"_links":{"self":[{"href":"https:\/\/usagers-transports.haut-allier.eu\/index.php\/wp-json\/wp\/v2\/posts\/46","targetHints":{"allow":["GET"]}}],"collection":[{"href":"https:\/\/usagers-transports.haut-allier.eu\/index.php\/wp-json\/wp\/v2\/posts"}],"about":[{"href":"https:\/\/usagers-transports.haut-allier.eu\/index.php\/wp-json\/wp\/v2\/types\/post"}],"author":[{"embeddable":true,"href":"https:\/\/usagers-transports.haut-allier.eu\/index.php\/wp-json\/wp\/v2\/users\/1"}],"replies":[{"embeddable":true,"href":"https:\/\/usagers-transports.haut-allier.eu\/index.php\/wp-json\/wp\/v2\/comments?post=46"}],"version-history":[{"count":0,"href":"https:\/\/usagers-transports.haut-allier.eu\/index.php\/wp-json\/wp\/v2\/posts\/46\/revisions"}],"wp:featuredmedia":[{"embeddable":true,"href":"https:\/\/usagers-transports.haut-allier.eu\/index.php\/wp-json\/wp\/v2\/media\/1411"}],"wp:attachment":[{"href":"https:\/\/usagers-transports.haut-allier.eu\/index.php\/wp-json\/wp\/v2\/media?parent=46"}],"wp:term":[{"taxonomy":"category","embeddable":true,"href":"https:\/\/usagers-transports.haut-allier.eu\/index.php\/wp-json\/wp\/v2\/categories?post=46"},{"taxonomy":"post_tag","embeddable":true,"href":"https:\/\/usagers-transports.haut-allier.eu\/index.php\/wp-json\/wp\/v2\/tags?post=46"}],"curies":[{"name":"wp","href":"https:\/\/api.w.org\/{rel}","templated":true}]}}