{"id":460,"date":"2018-04-21T07:50:51","date_gmt":"2018-04-21T05:50:51","guid":{"rendered":"http:\/\/5.45.101.177\/haut-allier\/usagers-transportse\/index.php\/2018\/04\/21\/lozere-conference-sur-le460\/"},"modified":"2018-04-21T07:50:51","modified_gmt":"2018-04-21T05:50:51","slug":"lozere-conference-sur-le460","status":"publish","type":"post","link":"https:\/\/usagers-transports.haut-allier.eu\/index.php\/2018\/04\/21\/lozere-conference-sur-le460\/","title":{"rendered":"Loz\u00e8re : conf\u00e9rence sur le patrimoine ferroviaire"},"content":{"rendered":"<p>Dimanche 27 Mai 2018 \u00e0 15 heures salle de Simone de Beauvoir, Place du Foirail \u00e0 Mende aura lieu une conf\u00e9rence anim\u00e9e par Alexandre Bel du collectif des usagers de la gare de Villefort, ayant donc pour th\u00e8me : \u00ab\u00a0Le patrimoine ferroviaire en Loz\u00e8re\u00a0\u00bb.<br \/>\n&nbsp;<br \/>\nUn rendez-vous organis\u00e9 par le Cercle loz\u00e9rien de g\u00e9n\u00e9alogie. L&rsquo;entr\u00e9e est gratuite.<\/p>\n","protected":false},"excerpt":{"rendered":"<p>Dimanche 27 Mai 2018 \u00e0 15 heures salle de Simone de Beauvoir, Place du Foirail \u00e0 Mende aura<\/p>\n","protected":false},"author":1,"featured_media":2358,"comment_status":"open","ping_status":"open","sticky":false,"template":"","format":"standard","meta":{"footnotes":""},"categories":[5],"tags":[],"class_list":["post-460","post","type-post","status-publish","format-standard","has-post-thumbnail","hentry","category-ensemble"],"_links":{"self":[{"href":"https:\/\/usagers-transports.haut-allier.eu\/index.php\/wp-json\/wp\/v2\/posts\/460","targetHints":{"allow":["GET"]}}],"collection":[{"href":"https:\/\/usagers-transports.haut-allier.eu\/index.php\/wp-json\/wp\/v2\/posts"}],"about":[{"href":"https:\/\/usagers-transports.haut-allier.eu\/index.php\/wp-json\/wp\/v2\/types\/post"}],"author":[{"embeddable":true,"href":"https:\/\/usagers-transports.haut-allier.eu\/index.php\/wp-json\/wp\/v2\/users\/1"}],"replies":[{"embeddable":true,"href":"https:\/\/usagers-transports.haut-allier.eu\/index.php\/wp-json\/wp\/v2\/comments?post=460"}],"version-history":[{"count":0,"href":"https:\/\/usagers-transports.haut-allier.eu\/index.php\/wp-json\/wp\/v2\/posts\/460\/revisions"}],"wp:featuredmedia":[{"embeddable":true,"href":"https:\/\/usagers-transports.haut-allier.eu\/index.php\/wp-json\/wp\/v2\/media\/2358"}],"wp:attachment":[{"href":"https:\/\/usagers-transports.haut-allier.eu\/index.php\/wp-json\/wp\/v2\/media?parent=460"}],"wp:term":[{"taxonomy":"category","embeddable":true,"href":"https:\/\/usagers-transports.haut-allier.eu\/index.php\/wp-json\/wp\/v2\/categories?post=460"},{"taxonomy":"post_tag","embeddable":true,"href":"https:\/\/usagers-transports.haut-allier.eu\/index.php\/wp-json\/wp\/v2\/tags?post=460"}],"curies":[{"name":"wp","href":"https:\/\/api.w.org\/{rel}","templated":true}]}}