{"id":461,"date":"2018-04-22T17:51:20","date_gmt":"2018-04-22T15:51:20","guid":{"rendered":"http:\/\/5.45.101.177\/haut-allier\/usagers-transportse\/index.php\/2018\/04\/22\/le-25-avril-a-ales-l-huissier-de461\/"},"modified":"2018-04-22T17:51:20","modified_gmt":"2018-04-22T15:51:20","slug":"le-25-avril-a-ales-l-huissier-de461","status":"publish","type":"post","link":"https:\/\/usagers-transports.haut-allier.eu\/index.php\/2018\/04\/22\/le-25-avril-a-ales-l-huissier-de461\/","title":{"rendered":"Le 25 avril \u00e0 Al\u00e8s l&rsquo;huissier de proximit\u00e9 des collectifs d&rsquo;usagers constatera  la casse du service public par la SNCF"},"content":{"rendered":"<p>Manifestation d\u00e8s 9 heures du matin en gare d&rsquo;Al\u00e8s muni de son nez rouge et de sa bonne humeur.<br \/>\n&nbsp;<br \/>\nL&rsquo;invitation est lanc\u00e9e par le Comit\u00e9 de d\u00e9fense des services publics des Hautes C\u00e9vennes.<br \/>\n&nbsp;<br \/>\nComme beaucoup d&rsquo;usagers en AURA et en Occitanie il a constat\u00e9 que lors des jours de reprise th\u00e9orique des circulations, apr\u00e8s les jours de gr\u00e8ve, la SNCF joue le petit jeu de bloquer les circulations, ou plus exactement de r\u00e9pondre \u00e0 la CGT d&rsquo;une fa\u00e7on scandaleuse qui p\u00e9nalise les usagers que nous sommes au plus haut degr\u00e9. Voir nos articles sur la ligne Grenoble Gap.<br \/>\n&nbsp;<br \/>\n<em>\u00ab\u00a0Nous devons \u00eatre nombreux pour constater le scandale de la SNCF qui ne remplit pas ses devoirs lors des retours de fin de gr\u00e8ve et qui supprime all\u00e8grement nombre de circulation de trains au m\u00e9pris de la loi !<br \/>\n&nbsp;<br \/>\nPensez donc \u00e0 vos banderoles, pancartes, nez rouge, brassards divers pour accompagner notre \u00ab\u00a0huissier \u00e9co-citoyen\u00a0\u00bb qui va donc effectuer sa 1\u00e8re sortie de proximit\u00e9&#8230;\u00a0\u00bb<\/em><br \/>\n&nbsp;<br \/>\n<em>L&rsquo;huissier de proximit\u00e9 recueillera \u00ab\u00a0la col\u00e8re des usagers et des cheminots\u00a0\u00bb,<\/em> poursuit le comit\u00e9 de Genolhac.<br \/>\n&nbsp;<br \/>\n<strong>Rendez-vous donc pour ceux qui le peuvent (un mercredi \u00e0 9 heures du matin on a fait mieux pour un rassemblement qui se veut populaire) gare d&rsquo;Al\u00e8s.<\/strong><\/p>\n","protected":false},"excerpt":{"rendered":"<p>Manifestation d\u00e8s 9 heures du matin en gare d&rsquo;Al\u00e8s muni de son nez rouge et de sa bonne<\/p>\n","protected":false},"author":1,"featured_media":2359,"comment_status":"open","ping_status":"open","sticky":false,"template":"","format":"standard","meta":{"footnotes":""},"categories":[5],"tags":[],"class_list":["post-461","post","type-post","status-publish","format-standard","has-post-thumbnail","hentry","category-ensemble"],"_links":{"self":[{"href":"https:\/\/usagers-transports.haut-allier.eu\/index.php\/wp-json\/wp\/v2\/posts\/461","targetHints":{"allow":["GET"]}}],"collection":[{"href":"https:\/\/usagers-transports.haut-allier.eu\/index.php\/wp-json\/wp\/v2\/posts"}],"about":[{"href":"https:\/\/usagers-transports.haut-allier.eu\/index.php\/wp-json\/wp\/v2\/types\/post"}],"author":[{"embeddable":true,"href":"https:\/\/usagers-transports.haut-allier.eu\/index.php\/wp-json\/wp\/v2\/users\/1"}],"replies":[{"embeddable":true,"href":"https:\/\/usagers-transports.haut-allier.eu\/index.php\/wp-json\/wp\/v2\/comments?post=461"}],"version-history":[{"count":0,"href":"https:\/\/usagers-transports.haut-allier.eu\/index.php\/wp-json\/wp\/v2\/posts\/461\/revisions"}],"wp:featuredmedia":[{"embeddable":true,"href":"https:\/\/usagers-transports.haut-allier.eu\/index.php\/wp-json\/wp\/v2\/media\/2359"}],"wp:attachment":[{"href":"https:\/\/usagers-transports.haut-allier.eu\/index.php\/wp-json\/wp\/v2\/media?parent=461"}],"wp:term":[{"taxonomy":"category","embeddable":true,"href":"https:\/\/usagers-transports.haut-allier.eu\/index.php\/wp-json\/wp\/v2\/categories?post=461"},{"taxonomy":"post_tag","embeddable":true,"href":"https:\/\/usagers-transports.haut-allier.eu\/index.php\/wp-json\/wp\/v2\/tags?post=461"}],"curies":[{"name":"wp","href":"https:\/\/api.w.org\/{rel}","templated":true}]}}