{"id":462,"date":"2018-04-22T18:12:06","date_gmt":"2018-04-22T16:12:06","guid":{"rendered":"http:\/\/5.45.101.177\/haut-allier\/usagers-transportse\/index.php\/2018\/04\/22\/petition-nationale-pour-le462\/"},"modified":"2018-04-22T18:12:06","modified_gmt":"2018-04-22T16:12:06","slug":"petition-nationale-pour-le462","status":"publish","type":"post","link":"https:\/\/usagers-transports.haut-allier.eu\/index.php\/2018\/04\/22\/petition-nationale-pour-le462\/","title":{"rendered":"P\u00e9tition nationale pour le remboursement des usagers SNCF"},"content":{"rendered":"<p>En attendant la reprise sur la ligne des C\u00e9vennes et ailleurs les usagers casquent ! Fiches de travaux mensong\u00e8res avec des circulations de trains annul\u00e9s, taxis TAD non pr\u00e9vus alors qu&rsquo;annonc\u00e9s sur les fiches, pas de bus de substitution, etc.<br \/>\n&nbsp;<br \/>\nPour ceux qui ont un abonnement c&rsquo;est la double peine. Un ensemble de collectifs dont le n\u00f4tre se sont regroup\u00e9s et lancent une p\u00e9tition pour le remboursement des abonnements SNCF.<br \/>\n&nbsp;<br \/>\nN&rsquo;h\u00e9sitez pas \u00e0 signer et \u00e0 donner votre avis.<br \/>\n&nbsp;<br \/>\n<img loading=\"lazy\" decoding=\"async\" class=\" aligncenter size-full wp-image-2361\" src=\"http:\/\/5.45.101.177\/haut-allier\/usagers-transportse\/wp-content\/uploads\/2018\/04\/adlblwnstwoulsm-800x450-nopad.jpg.png\" alt=\"adlblwnstwoulsm-800x450-nopad.jpg.png\" align=\"center\" width=\"791\" height=\"342\" srcset=\"https:\/\/usagers-transports.haut-allier.eu\/wp-content\/uploads\/2018\/04\/adlblwnstwoulsm-800x450-nopad.jpg.png 791w, https:\/\/usagers-transports.haut-allier.eu\/wp-content\/uploads\/2018\/04\/adlblwnstwoulsm-800x450-nopad.jpg-300x130.png 300w, https:\/\/usagers-transports.haut-allier.eu\/wp-content\/uploads\/2018\/04\/adlblwnstwoulsm-800x450-nopad.jpg-768x332.png 768w\" sizes=\"auto, (max-width: 791px) 100vw, 791px\" \/><\/p>\n","protected":false},"excerpt":{"rendered":"<p>En attendant la reprise sur la ligne des C\u00e9vennes et ailleurs les usagers casquent ! Fiches de travaux<\/p>\n","protected":false},"author":1,"featured_media":2360,"comment_status":"open","ping_status":"open","sticky":false,"template":"","format":"standard","meta":{"footnotes":""},"categories":[5],"tags":[],"class_list":["post-462","post","type-post","status-publish","format-standard","has-post-thumbnail","hentry","category-ensemble"],"_links":{"self":[{"href":"https:\/\/usagers-transports.haut-allier.eu\/index.php\/wp-json\/wp\/v2\/posts\/462","targetHints":{"allow":["GET"]}}],"collection":[{"href":"https:\/\/usagers-transports.haut-allier.eu\/index.php\/wp-json\/wp\/v2\/posts"}],"about":[{"href":"https:\/\/usagers-transports.haut-allier.eu\/index.php\/wp-json\/wp\/v2\/types\/post"}],"author":[{"embeddable":true,"href":"https:\/\/usagers-transports.haut-allier.eu\/index.php\/wp-json\/wp\/v2\/users\/1"}],"replies":[{"embeddable":true,"href":"https:\/\/usagers-transports.haut-allier.eu\/index.php\/wp-json\/wp\/v2\/comments?post=462"}],"version-history":[{"count":0,"href":"https:\/\/usagers-transports.haut-allier.eu\/index.php\/wp-json\/wp\/v2\/posts\/462\/revisions"}],"wp:featuredmedia":[{"embeddable":true,"href":"https:\/\/usagers-transports.haut-allier.eu\/index.php\/wp-json\/wp\/v2\/media\/2360"}],"wp:attachment":[{"href":"https:\/\/usagers-transports.haut-allier.eu\/index.php\/wp-json\/wp\/v2\/media?parent=462"}],"wp:term":[{"taxonomy":"category","embeddable":true,"href":"https:\/\/usagers-transports.haut-allier.eu\/index.php\/wp-json\/wp\/v2\/categories?post=462"},{"taxonomy":"post_tag","embeddable":true,"href":"https:\/\/usagers-transports.haut-allier.eu\/index.php\/wp-json\/wp\/v2\/tags?post=462"}],"curies":[{"name":"wp","href":"https:\/\/api.w.org\/{rel}","templated":true}]}}