{"id":463,"date":"2018-04-29T06:56:39","date_gmt":"2018-04-29T04:56:39","guid":{"rendered":"http:\/\/5.45.101.177\/haut-allier\/usagers-transportse\/index.php\/2018\/04\/29\/un-nouveau-collectif-de-defense463\/"},"modified":"2018-04-29T06:56:39","modified_gmt":"2018-04-29T04:56:39","slug":"un-nouveau-collectif-de-defense463","status":"publish","type":"post","link":"https:\/\/usagers-transports.haut-allier.eu\/index.php\/2018\/04\/29\/un-nouveau-collectif-de-defense463\/","title":{"rendered":"Un nouveau \u00ab\u00a0collectif\u00a0\u00bb de d\u00e9fense des services publics \u00e0 Brioude"},"content":{"rendered":"<p><em>[De nos correspondants]<\/em><br \/>\n&nbsp;<br \/>\nNous souhaitons la bienvenue dans ce monde de brutes \u00e0 un nouveau collectif de d\u00e9fense sur la ligne Clermont-Ferrand N\u00eemes : le \u00ab\u00a0collectif citoyen\u00a0\u00bb de d\u00e9fense des services publics de Brioude amen\u00e9 selon la presse par Fran\u00e7ois Boudet, d\u00e9fenseur du service public hospitalier. Un article \u00e9logieux dans la presse locale brivadoise La Ruche.<br \/>\n&nbsp;<br \/>\n<img loading=\"lazy\" decoding=\"async\" class=\" aligncenter size-full wp-image-2363\" src=\"http:\/\/5.45.101.177\/haut-allier\/usagers-transportse\/wp-content\/uploads\/2018\/04\/ruche.png\" alt=\"ruche.png\" align=\"center\" width=\"864\" height=\"746\" srcset=\"https:\/\/usagers-transports.haut-allier.eu\/wp-content\/uploads\/2018\/04\/ruche.png 864w, https:\/\/usagers-transports.haut-allier.eu\/wp-content\/uploads\/2018\/04\/ruche-300x259.png 300w, https:\/\/usagers-transports.haut-allier.eu\/wp-content\/uploads\/2018\/04\/ruche-768x663.png 768w\" sizes=\"auto, (max-width: 864px) 100vw, 864px\" \/><br \/>\n&nbsp;<br \/>\nEt voil\u00e0 \u00e9galement leur tract distribu\u00e9 hier au march\u00e9 de Brioude, premi\u00e8re sortie du collectif :<br \/>\n&nbsp;<br \/>\n<img loading=\"lazy\" decoding=\"async\" class=\" aligncenter size-full wp-image-2364\" src=\"http:\/\/5.45.101.177\/haut-allier\/usagers-transportse\/wp-content\/uploads\/2018\/04\/img_44531.png\" alt=\"img_44531.png\" align=\"center\" width=\"505\" height=\"712\" srcset=\"https:\/\/usagers-transports.haut-allier.eu\/wp-content\/uploads\/2018\/04\/img_44531.png 505w, https:\/\/usagers-transports.haut-allier.eu\/wp-content\/uploads\/2018\/04\/img_44531-213x300.png 213w\" sizes=\"auto, (max-width: 505px) 100vw, 505px\" \/><br \/>\n&nbsp;<br \/>\nDe ce que nous lisons nous ne voyons nulle part les intentions de ce collectif pour la d\u00e9fense des usagers. Le sort des cheminots est par contre clairement mis en avant.<br \/>\n&nbsp;<br \/>\nA d\u00e9faut de pr\u00e9cisions claires et sans site Internet, on a donc la d\u00e9sagr\u00e9able impression qu&rsquo;il s&rsquo;agit d&rsquo;un nouveau rassemblement sous-marin de telle ou telle organisation syndicale qui cache son nom. On a pourtant beau chercher, ce n&rsquo;est pas \u00e9vident. On nous souffle plut\u00f4t que les cr\u00e9ateurs de ce nouveau collectif seraient d&rsquo;inspiration France Insoumise.<br \/>\n&nbsp;<br \/>\n<strong>Attendons de voir quels seront leurs futures actions pour les voyageurs, \u00e0 notre sens cela ne va pas forc\u00e9ment de pair avec de grands plaidoyers larmoyants pour le statut des cheminots.<\/strong><br \/>\n&nbsp;<\/p>\n","protected":false},"excerpt":{"rendered":"<p>[De nos correspondants] &nbsp; Nous souhaitons la bienvenue dans ce monde de brutes \u00e0 un nouveau collectif de<\/p>\n","protected":false},"author":1,"featured_media":2362,"comment_status":"open","ping_status":"open","sticky":false,"template":"","format":"standard","meta":{"footnotes":""},"categories":[3],"tags":[],"class_list":["post-463","post","type-post","status-publish","format-standard","has-post-thumbnail","hentry","category-en-train"],"_links":{"self":[{"href":"https:\/\/usagers-transports.haut-allier.eu\/index.php\/wp-json\/wp\/v2\/posts\/463","targetHints":{"allow":["GET"]}}],"collection":[{"href":"https:\/\/usagers-transports.haut-allier.eu\/index.php\/wp-json\/wp\/v2\/posts"}],"about":[{"href":"https:\/\/usagers-transports.haut-allier.eu\/index.php\/wp-json\/wp\/v2\/types\/post"}],"author":[{"embeddable":true,"href":"https:\/\/usagers-transports.haut-allier.eu\/index.php\/wp-json\/wp\/v2\/users\/1"}],"replies":[{"embeddable":true,"href":"https:\/\/usagers-transports.haut-allier.eu\/index.php\/wp-json\/wp\/v2\/comments?post=463"}],"version-history":[{"count":0,"href":"https:\/\/usagers-transports.haut-allier.eu\/index.php\/wp-json\/wp\/v2\/posts\/463\/revisions"}],"wp:featuredmedia":[{"embeddable":true,"href":"https:\/\/usagers-transports.haut-allier.eu\/index.php\/wp-json\/wp\/v2\/media\/2362"}],"wp:attachment":[{"href":"https:\/\/usagers-transports.haut-allier.eu\/index.php\/wp-json\/wp\/v2\/media?parent=463"}],"wp:term":[{"taxonomy":"category","embeddable":true,"href":"https:\/\/usagers-transports.haut-allier.eu\/index.php\/wp-json\/wp\/v2\/categories?post=463"},{"taxonomy":"post_tag","embeddable":true,"href":"https:\/\/usagers-transports.haut-allier.eu\/index.php\/wp-json\/wp\/v2\/tags?post=463"}],"curies":[{"name":"wp","href":"https:\/\/api.w.org\/{rel}","templated":true}]}}