{"id":464,"date":"2018-04-29T07:35:39","date_gmt":"2018-04-29T05:35:39","guid":{"rendered":"http:\/\/5.45.101.177\/haut-allier\/usagers-transportse\/index.php\/2018\/04\/29\/le-viaduc-de-garabit-a-presque-130464\/"},"modified":"2018-04-29T07:35:39","modified_gmt":"2018-04-29T05:35:39","slug":"le-viaduc-de-garabit-a-presque-130464","status":"publish","type":"post","link":"https:\/\/usagers-transports.haut-allier.eu\/index.php\/2018\/04\/29\/le-viaduc-de-garabit-a-presque-130464\/","title":{"rendered":"Le Viaduc de Garabit a presque 130 ans !"},"content":{"rendered":"<p>Les amoureux du site, r\u00e9unis autour d&rsquo;une jeune association \u00ab\u00a0AMIGA\u00a0\u00bb, pr\u00e9pare une s\u00e9rie d&rsquo;animations pour c\u00e9l\u00e9brer cet anniversaire en septembre prochain.<br \/>\n&nbsp;<br \/>\nLe viaduc de Garabit est un g\u00e9ant aux pieds d&rsquo;acier de couleur rouge Gauguin situ\u00e9 \u00e0 l&rsquo;Est du Cantal. Pour cet anniversaire, il y aura par exemple une reconstitution de l&rsquo;inauguration en tenue d&rsquo;\u00e9poque !<br \/>\n&nbsp;<br \/>\nL&rsquo;histoire du viaduc dans ce document complet PDF :<br \/>\n<a href=\"http:\/\/www.netactif-com.fr\/PDF\/ACTIF_287extraitDT_GARABIT.pdf\">ACTIF_287extraitDT_GARABIT.pdf<\/a><br \/>\n&nbsp;<br \/>\n<strong>Pourtant dans le Cantal, la r\u00e9gion Auvergne Rh\u00f4ne Alpes de Wauquiez ne d\u00e9boursera pas un centime<\/strong><br \/>\n&nbsp;<br \/>\nMartine Guibert l&rsquo;\u00e9lue vice-pr\u00e9sidente \u00e0 la r\u00e9gion d\u00e9l\u00e9gu\u00e9e aux transports l&rsquo;a pr\u00e9cis\u00e9 : pas un centime pour la ligne B\u00e9ziers Neussargues. C&rsquo;est donc la r\u00e9gion Occitanie appel\u00e9e une nouvelle fois \u00e0 la rescousse qui va le faire ! Tr\u00e8s facile Monsieur Wauquiez de pr\u00e9senter des bilans financiers en \u00e9quilibre quand on fuit les responsabilit\u00e9s&#8230;<br \/>\n&nbsp;<br \/>\n<strong>A lire et \u00e9couter sur :<\/strong><br \/>\n&nbsp;<br \/>\n&#8211; Radio Totem :  <a href=\"https:\/\/www.radiototem.fr\/sud-auvergne\/3414-bientot-130-ans-pour-le-viaduc-de-garabit\">Bient\u00f4t 130 ans pour le viaduc de Garabit<\/a><br \/>\n&#8211; La Montagne : <a href=\"https:\/\/www.lamontagne.fr\/saint-flour\/loisirs\/fetes-sorties\/2018\/04\/24\/les-amis-du-viaduc-de-garabit-preparent-le-130e-anniversaire-de-la-ligne-ferroviaire-de-laubrac_12823890.html\">\u00ab Les amis du viaduc de Garabit \u00bb pr\u00e9parent le 130e anniversaire de la ligne ferroviaire de l\u2019Aubrac<\/a><\/p>\n","protected":false},"excerpt":{"rendered":"<p>Les amoureux du site, r\u00e9unis autour d&rsquo;une jeune association \u00ab\u00a0AMIGA\u00a0\u00bb, pr\u00e9pare une s\u00e9rie d&rsquo;animations pour c\u00e9l\u00e9brer cet anniversaire<\/p>\n","protected":false},"author":1,"featured_media":2365,"comment_status":"open","ping_status":"open","sticky":false,"template":"","format":"standard","meta":{"footnotes":""},"categories":[3],"tags":[],"class_list":["post-464","post","type-post","status-publish","format-standard","has-post-thumbnail","hentry","category-en-train"],"_links":{"self":[{"href":"https:\/\/usagers-transports.haut-allier.eu\/index.php\/wp-json\/wp\/v2\/posts\/464","targetHints":{"allow":["GET"]}}],"collection":[{"href":"https:\/\/usagers-transports.haut-allier.eu\/index.php\/wp-json\/wp\/v2\/posts"}],"about":[{"href":"https:\/\/usagers-transports.haut-allier.eu\/index.php\/wp-json\/wp\/v2\/types\/post"}],"author":[{"embeddable":true,"href":"https:\/\/usagers-transports.haut-allier.eu\/index.php\/wp-json\/wp\/v2\/users\/1"}],"replies":[{"embeddable":true,"href":"https:\/\/usagers-transports.haut-allier.eu\/index.php\/wp-json\/wp\/v2\/comments?post=464"}],"version-history":[{"count":0,"href":"https:\/\/usagers-transports.haut-allier.eu\/index.php\/wp-json\/wp\/v2\/posts\/464\/revisions"}],"wp:featuredmedia":[{"embeddable":true,"href":"https:\/\/usagers-transports.haut-allier.eu\/index.php\/wp-json\/wp\/v2\/media\/2365"}],"wp:attachment":[{"href":"https:\/\/usagers-transports.haut-allier.eu\/index.php\/wp-json\/wp\/v2\/media?parent=464"}],"wp:term":[{"taxonomy":"category","embeddable":true,"href":"https:\/\/usagers-transports.haut-allier.eu\/index.php\/wp-json\/wp\/v2\/categories?post=464"},{"taxonomy":"post_tag","embeddable":true,"href":"https:\/\/usagers-transports.haut-allier.eu\/index.php\/wp-json\/wp\/v2\/tags?post=464"}],"curies":[{"name":"wp","href":"https:\/\/api.w.org\/{rel}","templated":true}]}}