{"id":465,"date":"2018-04-29T15:26:58","date_gmt":"2018-04-29T13:26:58","guid":{"rendered":"http:\/\/5.45.101.177\/haut-allier\/usagers-transportse\/index.php\/2018\/04\/29\/rions-jaune-ensemble-martine465\/"},"modified":"2018-04-29T15:26:58","modified_gmt":"2018-04-29T13:26:58","slug":"rions-jaune-ensemble-martine465","status":"publish","type":"post","link":"https:\/\/usagers-transports.haut-allier.eu\/index.php\/2018\/04\/29\/rions-jaune-ensemble-martine465\/","title":{"rendered":"Rions (jaune) ensemble : Martine Guibert sur France 3 au sujet des lignes TER Auvergne Rh\u00f4ne Alpes"},"content":{"rendered":"<p>Triste spectacle que celui de la r\u00e9gion Auvergne Rh\u00f4ne Alpes invit\u00e9e \u00e0 d\u00e9battre des TER, les transports express r\u00e9gionaux qu&rsquo;elle finance, sur France 3 Lyon Rh\u00f4ne Alpes, l&rsquo;\u00e9mission n&rsquo;\u00e9tait pas diffus\u00e9e sur la partie Auvergne. Vous allez aussi voir appara\u00eetre 3 secondes nos deux menteurs professionnels : Laurent Wauquiez et Guillaume P\u00e9py. La ligne des C\u00e9vennes a de gros soucis \u00e0 se faire ainsi que toutes celles d&rsquo;Auvergne en g\u00e9n\u00e9ral. D\u00e9j\u00e0 de tr\u00e8s gros probl\u00e8mes avoue-t-elle sur le \u00ab\u00a0noeud ferroviaire lyonnais\u00a0\u00bb, alors imaginez le binz sur les petites lignes de montagne !<br \/>\n&nbsp;<br \/>\nAmateurisme, inexp\u00e9rience, bafouillage, d\u00e9sint\u00e9r\u00eat pour le sujet&#8230; trouvez vous m\u00eame comment qualifier le comportement de cette r\u00e9gion qui manipule des centaines de millions d&rsquo;euros sans bien conna\u00eetre leur impact pour les citoyens.<br \/>\n&nbsp;<br \/>\nSon pr\u00e9sident Wauquiez, lui sait parfaitement o\u00f9 il veut en venir : on nous souffle dans l&rsquo;oreillette que lors d&rsquo;une discussion \u00e0 Brioude il a l\u00e2ch\u00e9 qu&rsquo;il n&rsquo;y aurait pas un centime de sa r\u00e9gion non plus sur la section Saint-Georges d&rsquo;Aurac \/ Langeac \/ Langogne. Vous savez&#8230; le Haut-Allier. Le pays qu&rsquo;il d\u00e9teste et veut an\u00e9antir. T&rsquo;inqui\u00e8tes mon Veau on te le rend bien. On fait ta propagande.<br \/>\n&nbsp;<br \/>\n<strong>Etre ZEN quand m\u00eame<\/strong><br \/>\n&nbsp;<br \/>\nRegarder la vid\u00e9o en exclu lulu (nous remercier au passage pour la d\u00e9synchronisation son \/ image \u00e0 partir du milieu de l&rsquo;\u00e9mission) et retourner \u00e0 ses occupations en ressassant <em>\u00ab\u00a0Quel g\u00e2chis !\u00a0\u00bb<\/em>&#8230;<br \/>\n&nbsp;<br \/>\n<a href=\"http:\/\/5.45.101.177\/haut-allier\/usagers-transportse\/wp-content\/uploads\/2018\/04\/guibert-france-3-rhone-alpes-dimanche-en-politique-29avril2018-st-2.webm\">guibert-france-3-rhone-alpes-dimanche-en-politique-29avril2018-st-2.webm<\/a><br \/>\n&nbsp;<\/p>\n","protected":false},"excerpt":{"rendered":"<p>Triste spectacle que celui de la r\u00e9gion Auvergne Rh\u00f4ne Alpes invit\u00e9e \u00e0 d\u00e9battre des TER, les transports express<\/p>\n","protected":false},"author":1,"featured_media":2366,"comment_status":"open","ping_status":"open","sticky":false,"template":"","format":"standard","meta":{"footnotes":""},"categories":[3],"tags":[],"class_list":["post-465","post","type-post","status-publish","format-standard","has-post-thumbnail","hentry","category-en-train"],"_links":{"self":[{"href":"https:\/\/usagers-transports.haut-allier.eu\/index.php\/wp-json\/wp\/v2\/posts\/465","targetHints":{"allow":["GET"]}}],"collection":[{"href":"https:\/\/usagers-transports.haut-allier.eu\/index.php\/wp-json\/wp\/v2\/posts"}],"about":[{"href":"https:\/\/usagers-transports.haut-allier.eu\/index.php\/wp-json\/wp\/v2\/types\/post"}],"author":[{"embeddable":true,"href":"https:\/\/usagers-transports.haut-allier.eu\/index.php\/wp-json\/wp\/v2\/users\/1"}],"replies":[{"embeddable":true,"href":"https:\/\/usagers-transports.haut-allier.eu\/index.php\/wp-json\/wp\/v2\/comments?post=465"}],"version-history":[{"count":0,"href":"https:\/\/usagers-transports.haut-allier.eu\/index.php\/wp-json\/wp\/v2\/posts\/465\/revisions"}],"wp:featuredmedia":[{"embeddable":true,"href":"https:\/\/usagers-transports.haut-allier.eu\/index.php\/wp-json\/wp\/v2\/media\/2366"}],"wp:attachment":[{"href":"https:\/\/usagers-transports.haut-allier.eu\/index.php\/wp-json\/wp\/v2\/media?parent=465"}],"wp:term":[{"taxonomy":"category","embeddable":true,"href":"https:\/\/usagers-transports.haut-allier.eu\/index.php\/wp-json\/wp\/v2\/categories?post=465"},{"taxonomy":"post_tag","embeddable":true,"href":"https:\/\/usagers-transports.haut-allier.eu\/index.php\/wp-json\/wp\/v2\/tags?post=465"}],"curies":[{"name":"wp","href":"https:\/\/api.w.org\/{rel}","templated":true}]}}