{"id":467,"date":"2018-05-08T21:00:56","date_gmt":"2018-05-08T19:00:56","guid":{"rendered":"http:\/\/5.45.101.177\/haut-allier\/usagers-transportse\/index.php\/2018\/05\/08\/1-ter-sur-3-dans-les-gorges-de-l467\/"},"modified":"2018-05-08T21:00:56","modified_gmt":"2018-05-08T19:00:56","slug":"1-ter-sur-3-dans-les-gorges-de-l467","status":"publish","type":"post","link":"https:\/\/usagers-transports.haut-allier.eu\/index.php\/2018\/05\/08\/1-ter-sur-3-dans-les-gorges-de-l467\/","title":{"rendered":"1 TER sur 3 dans les Gorges de l&rsquo;Allier depuis la fin des faux travaux : explications vaseuses de SNCF AURA"},"content":{"rendered":"<p>Depuis la fin des travaux qui n&rsquo;ont pas \u00e9t\u00e9 men\u00e9 \u00e0 bien suite au transfert subit de leur financement par Wauquiez mais qui ont supprim\u00e9 toute circulation pour les usagers pendant deux mois, seul un train sur les 3 circule ! Vous l&rsquo;aviez remarqu\u00e9.<br \/>\n&nbsp;<br \/>\nDevant la grogne des usagers et des \u00e9lus la direction r\u00e9gionale SNCF Auvergne Rh\u00f4ne Alpes tente une r\u00e9ponse dans le quotidien Midi Libre de ce jour 8 mai. On en appr\u00e9ciera les raisons qui sont claires : le mat\u00e9riel est d\u00e9tourn\u00e9 du massif central et mis \u00e0 la disposition dans les zones o\u00f9 circulent le plus de trains.<br \/>\n&nbsp;<br \/>\nMonsieur le d\u00e9put\u00e9 Vigier, \u00e9galement conseiller r\u00e9gional, a beau \u00e9crire des lettres \u00e0 la SNCF pour protester contre la situation, nous lui conseillons de s&rsquo;interroger sur les agissements de son ami Wauquiez qui fait tout pour grossir les m\u00e9tropoles et vider les territoires de la r\u00e9gion qu&rsquo;il dirige.<br \/>\n&nbsp;<br \/>\nL&rsquo;article de Midi Libre donc :<br \/>\n&nbsp;<br \/>\n<img loading=\"lazy\" decoding=\"async\" class=\" aligncenter size-full wp-image-2370\" src=\"http:\/\/5.45.101.177\/haut-allier\/usagers-transportse\/wp-content\/uploads\/2018\/05\/image-2.jpg\" alt=\"image-2.jpg\" align=\"center\" width=\"209\" height=\"518\" srcset=\"https:\/\/usagers-transports.haut-allier.eu\/wp-content\/uploads\/2018\/05\/image-2.jpg 209w, https:\/\/usagers-transports.haut-allier.eu\/wp-content\/uploads\/2018\/05\/image-2-121x300.jpg 121w\" sizes=\"auto, (max-width: 209px) 100vw, 209px\" \/><br \/>\n&nbsp;<\/p>\n<p>[(<br \/>\n<strong>COUPURE Aura : La SNCF s&rsquo;explique <\/strong><br \/>\n&nbsp;<br \/>\n\u00ab Il y a eu des substitutions pendant les travaux. Avant les gr\u00e8ves par car, sur tout ou partie du trajet. A partir des gr\u00e8ves on a rencontr\u00e9 de grosses difficult\u00e9s. Ces substitutions n&rsquo;ont pas pu avoir lieu. Les transporteurs n&rsquo;\u00e9taient pas en capacit\u00e9. II y a eu une coupure, explique-t-on \u00e0 la direction de la communication de la SNCF Aura. Et d&rsquo;ajouter que durant la gr\u00e8ve, du fait du \u00abmarque consid\u00e9rable de mat\u00e9riel, les lignes attirant le plus de clients ont \u00e9t\u00e9 prioris\u00e9es. \u00ab Ce n&rsquo;est pas sp\u00e9cifique au C\u00e9venol. Notre but est de remettre du train le plus vite possible sur cette ligne \u00bb, explique-t-on, mais sans pouvoir dire quand. )]<br \/>\n&nbsp;<br \/>\n<strong>Menteuse SNCF ?<\/strong><br \/>\n&nbsp;<br \/>\nLa situation est annonc\u00e9e normale avec ses 6 allers retours \u00e0 partir du 13 mai seulement sur l&rsquo;application smartphone de la SNCF :<br \/>\n&nbsp;<br \/>\n<img loading=\"lazy\" decoding=\"async\" class=\" aligncenter size-full wp-image-2371\" src=\"http:\/\/5.45.101.177\/haut-allier\/usagers-transportse\/wp-content\/uploads\/2018\/05\/screenshot_2018-05-09-09-46-06.png\" alt=\"screenshot_2018-05-09-09-46-06.png\" align=\"center\" width=\"450\" height=\"800\" srcset=\"https:\/\/usagers-transports.haut-allier.eu\/wp-content\/uploads\/2018\/05\/screenshot_2018-05-09-09-46-06.png 450w, https:\/\/usagers-transports.haut-allier.eu\/wp-content\/uploads\/2018\/05\/screenshot_2018-05-09-09-46-06-169x300.png 169w\" sizes=\"auto, (max-width: 450px) 100vw, 450px\" \/><br \/>\n&nbsp;<br \/>\nAttendons de voir&#8230;<br \/>\n&nbsp;<\/p>\n","protected":false},"excerpt":{"rendered":"<p>Depuis la fin des travaux qui n&rsquo;ont pas \u00e9t\u00e9 men\u00e9 \u00e0 bien suite au transfert subit de leur<\/p>\n","protected":false},"author":1,"featured_media":2369,"comment_status":"open","ping_status":"open","sticky":false,"template":"","format":"standard","meta":{"footnotes":""},"categories":[3],"tags":[],"class_list":["post-467","post","type-post","status-publish","format-standard","has-post-thumbnail","hentry","category-en-train"],"_links":{"self":[{"href":"https:\/\/usagers-transports.haut-allier.eu\/index.php\/wp-json\/wp\/v2\/posts\/467","targetHints":{"allow":["GET"]}}],"collection":[{"href":"https:\/\/usagers-transports.haut-allier.eu\/index.php\/wp-json\/wp\/v2\/posts"}],"about":[{"href":"https:\/\/usagers-transports.haut-allier.eu\/index.php\/wp-json\/wp\/v2\/types\/post"}],"author":[{"embeddable":true,"href":"https:\/\/usagers-transports.haut-allier.eu\/index.php\/wp-json\/wp\/v2\/users\/1"}],"replies":[{"embeddable":true,"href":"https:\/\/usagers-transports.haut-allier.eu\/index.php\/wp-json\/wp\/v2\/comments?post=467"}],"version-history":[{"count":0,"href":"https:\/\/usagers-transports.haut-allier.eu\/index.php\/wp-json\/wp\/v2\/posts\/467\/revisions"}],"wp:featuredmedia":[{"embeddable":true,"href":"https:\/\/usagers-transports.haut-allier.eu\/index.php\/wp-json\/wp\/v2\/media\/2369"}],"wp:attachment":[{"href":"https:\/\/usagers-transports.haut-allier.eu\/index.php\/wp-json\/wp\/v2\/media?parent=467"}],"wp:term":[{"taxonomy":"category","embeddable":true,"href":"https:\/\/usagers-transports.haut-allier.eu\/index.php\/wp-json\/wp\/v2\/categories?post=467"},{"taxonomy":"post_tag","embeddable":true,"href":"https:\/\/usagers-transports.haut-allier.eu\/index.php\/wp-json\/wp\/v2\/tags?post=467"}],"curies":[{"name":"wp","href":"https:\/\/api.w.org\/{rel}","templated":true}]}}