{"id":468,"date":"2018-05-17T08:41:37","date_gmt":"2018-05-17T06:41:37","guid":{"rendered":"http:\/\/5.45.101.177\/haut-allier\/usagers-transportse\/index.php\/2018\/05\/17\/ligne-du-train-cevenol-signons-la468\/"},"modified":"2018-05-17T08:41:37","modified_gmt":"2018-05-17T06:41:37","slug":"ligne-du-train-cevenol-signons-la468","status":"publish","type":"post","link":"https:\/\/usagers-transports.haut-allier.eu\/index.php\/2018\/05\/17\/ligne-du-train-cevenol-signons-la468\/","title":{"rendered":"Ligne du train C\u00e9venol : Signons la p\u00e9tition pour le r\u00e9tablissement des TER AuRA !"},"content":{"rendered":"<p><strong>[MAJ du 21 MAI]<\/strong><br \/>\nOn peut \u00e9galement signer la p\u00e9tition ici :<br \/>\n<a href=\"https:\/\/www.mesopinions.com\/petition\/autres\/retablissement-ter-sncf-auvergne-clermont-ferrand\/43451\">Mes Opinions<\/a><br \/>\n&nbsp;<\/p>\n<hr \/>\n<p>&nbsp;<br \/>\nSur proposition de l&rsquo;Association des usagers de la SNCF du Gard et des d\u00e9partements limitrophes, impact\u00e9e qu&rsquo;elle est aussi par la disparition des trains TER Auvergne Rh\u00f4ne Alpes que notre ami Wauquiez finance (on se le demande encore), tous les groupes d&rsquo;usagers de la ligne viennent de lancer une p\u00e9tition pour leur retour rapide.<br \/>\n&nbsp;<br \/>\n<strong>Bien s\u00fbr tous ceux et celles anciennement desservies sur la ligne des C\u00e9vennes Clermont-Ferrand N\u00eemes se doivent d&rsquo;apposer leur signature. Vous pouvez imprimer le PDF le signer et le retourner <a href=\"mailto:usagers-transports@haut-allier.eu\"><strong>ici<\/strong><\/a>. Vous pouvez aussi simplement envoyer un mail en donnant vos noms pr\u00e9noms, commune, et dire que vous \u00eates d&rsquo;accord pour la signer.<\/strong><br \/>\n&nbsp;<br \/>\n<a href=\"http:\/\/5.45.101.177\/haut-allier\/usagers-transportse\/wp-content\/uploads\/2018\/05\/2018_05_15_petition_aura_-_ligne_des_cevennes_v3-cutha.pdf\">2018_05_15_petition_aura_-_ligne_des_cevennes_v3-cutha.pdf<\/a><br \/>\n&nbsp;<br \/>\nIl y aura d&rsquo;autres actions :<br \/>\n&nbsp;<\/p>\n<p>&#8211; Une mobilisation des \u00e9lus par l&rsquo;envoi par mail \u00e0 toutes les communes normalement desservies dans chaque secteur,<br \/>\n&#8211; Un courrier \u00e0 la R\u00e9gion AuRA pour l&rsquo;informer de notre col\u00e8re,<br \/>\n&#8211; Un communiqu\u00e9 \u00e0 la presse et aux m\u00e9dias.<\/p>\n<p>&nbsp;<br \/>\n<strong>Monsieur Wauquiez on se fiche bien de vos soit-disantes p\u00e9nalit\u00e9s sur les TER par millions *  (voir <a href=\"http:\/\/www.leprogres.fr\/actualite\/2018\/05\/15\/greve-sncf-les-penalites-vont-se-chiffrer-en-millions-annonce-laurent-wauquiez\">ici<\/a>) ce que l&rsquo;on veut c&rsquo;est que la r\u00e9gion sorte de son incapacit\u00e9 \u00e0 intervenir vigoureusement quand la direction SNCF AURA fait ce qu&rsquo;elle veut au nez et \u00e0 la barbe des usagers et des financements publics !<\/strong><br \/>\n&nbsp;<br \/>\n* Surtout quand les \u00e9conomies r\u00e9alis\u00e9es vont servir \u00e0 <a href=\"https:\/\/www.rue89lyon.fr\/2018\/03\/11\/laurent-wauquiez-subventionne-foire-eurodance-tomorrowland\/\"><strong>subventionner<\/strong><\/a> (400 000 euros, une broutille) un festival \u00e9lectro belge commercial et priv\u00e9, le Tomorrowland, en mars 2019 \u00e0 l&rsquo;Alpe d&rsquo;Huez, vous savez, le fief des copains de sa liste aux r\u00e9gionales.<br \/>\n&nbsp;<br \/>\n<strong>Dans la presse :<\/strong> <em>La Tribune \/ Le Progr\u00e8s du 26 mai 2018<\/em><br \/>\n&nbsp;<br \/>\n<img loading=\"lazy\" decoding=\"async\" class=\" aligncenter size-full wp-image-2374\" src=\"http:\/\/5.45.101.177\/haut-allier\/usagers-transportse\/wp-content\/uploads\/2018\/05\/dsc05242.jpg\" alt=\"dsc05242.jpg\" align=\"center\" width=\"565\" height=\"361\" srcset=\"https:\/\/usagers-transports.haut-allier.eu\/wp-content\/uploads\/2018\/05\/dsc05242.jpg 565w, https:\/\/usagers-transports.haut-allier.eu\/wp-content\/uploads\/2018\/05\/dsc05242-300x192.jpg 300w\" sizes=\"auto, (max-width: 565px) 100vw, 565px\" \/><br \/>\n&nbsp;<br \/>\n<img loading=\"lazy\" decoding=\"async\" class=\" aligncenter size-full wp-image-2375\" src=\"http:\/\/5.45.101.177\/haut-allier\/usagers-transportse\/wp-content\/uploads\/2018\/05\/dsc05243.jpg\" alt=\"dsc05243.jpg\" align=\"center\" width=\"925\" height=\"1500\" srcset=\"https:\/\/usagers-transports.haut-allier.eu\/wp-content\/uploads\/2018\/05\/dsc05243.jpg 925w, https:\/\/usagers-transports.haut-allier.eu\/wp-content\/uploads\/2018\/05\/dsc05243-185x300.jpg 185w, https:\/\/usagers-transports.haut-allier.eu\/wp-content\/uploads\/2018\/05\/dsc05243-631x1024.jpg 631w, https:\/\/usagers-transports.haut-allier.eu\/wp-content\/uploads\/2018\/05\/dsc05243-768x1245.jpg 768w\" sizes=\"auto, (max-width: 925px) 100vw, 925px\" \/><br \/>\n&nbsp;<\/p>\n","protected":false},"excerpt":{"rendered":"<p>[MAJ du 21 MAI] On peut \u00e9galement signer la p\u00e9tition ici : Mes Opinions &nbsp; &nbsp; Sur proposition<\/p>\n","protected":false},"author":1,"featured_media":2372,"comment_status":"open","ping_status":"open","sticky":false,"template":"","format":"standard","meta":{"footnotes":""},"categories":[3],"tags":[],"class_list":["post-468","post","type-post","status-publish","format-standard","has-post-thumbnail","hentry","category-en-train"],"_links":{"self":[{"href":"https:\/\/usagers-transports.haut-allier.eu\/index.php\/wp-json\/wp\/v2\/posts\/468","targetHints":{"allow":["GET"]}}],"collection":[{"href":"https:\/\/usagers-transports.haut-allier.eu\/index.php\/wp-json\/wp\/v2\/posts"}],"about":[{"href":"https:\/\/usagers-transports.haut-allier.eu\/index.php\/wp-json\/wp\/v2\/types\/post"}],"author":[{"embeddable":true,"href":"https:\/\/usagers-transports.haut-allier.eu\/index.php\/wp-json\/wp\/v2\/users\/1"}],"replies":[{"embeddable":true,"href":"https:\/\/usagers-transports.haut-allier.eu\/index.php\/wp-json\/wp\/v2\/comments?post=468"}],"version-history":[{"count":0,"href":"https:\/\/usagers-transports.haut-allier.eu\/index.php\/wp-json\/wp\/v2\/posts\/468\/revisions"}],"wp:featuredmedia":[{"embeddable":true,"href":"https:\/\/usagers-transports.haut-allier.eu\/index.php\/wp-json\/wp\/v2\/media\/2372"}],"wp:attachment":[{"href":"https:\/\/usagers-transports.haut-allier.eu\/index.php\/wp-json\/wp\/v2\/media?parent=468"}],"wp:term":[{"taxonomy":"category","embeddable":true,"href":"https:\/\/usagers-transports.haut-allier.eu\/index.php\/wp-json\/wp\/v2\/categories?post=468"},{"taxonomy":"post_tag","embeddable":true,"href":"https:\/\/usagers-transports.haut-allier.eu\/index.php\/wp-json\/wp\/v2\/tags?post=468"}],"curies":[{"name":"wp","href":"https:\/\/api.w.org\/{rel}","templated":true}]}}