{"id":469,"date":"2018-05-18T17:42:14","date_gmt":"2018-05-18T15:42:14","guid":{"rendered":"http:\/\/5.45.101.177\/haut-allier\/usagers-transportse\/index.php\/2018\/05\/18\/exclusif-interview-de-wauquiez-au469\/"},"modified":"2018-05-18T17:42:14","modified_gmt":"2018-05-18T15:42:14","slug":"exclusif-interview-de-wauquiez-au469","status":"publish","type":"post","link":"https:\/\/usagers-transports.haut-allier.eu\/index.php\/2018\/05\/18\/exclusif-interview-de-wauquiez-au469\/","title":{"rendered":"Exclusif : interview de Wauquiez au sujet de la ligne du train C\u00e9venol"},"content":{"rendered":"<p><em> <strong>Ecoutez l&rsquo;interview \u00e0 la fin, dans le brouhaha Wauquiez dit : \u00ab\u00a0\u00e7a je vais regarder\u00a0\u00bb. La rencontre est donc relativement positive si elle est suivie de faits. Elle d\u00e9montre par contre l&rsquo;inutilit\u00e9 et la grande incomp\u00e9tence de sa charg\u00e9e transports Martine Guibert qui fait de la r\u00e9tention d&rsquo;informations. Ou bien les rapports \u00ab\u00a0sp\u00e9ciaux\u00a0\u00bb qu&rsquo;il y a entre le pr\u00e9sident et ses subalternes \u00e0 la r\u00e9gion.<\/strong> <\/em><br \/>\n&nbsp;<br \/>\nEntrevue \u00e9clair ce matin avec Wauquiez venu annoncer une subvention au centre de vacances d&rsquo;Alleyras, sur les trains TER qui ne circulent plus depuis le 1er mai [cliquer sur l&rsquo;image pour avoir le mp3] .<br \/>\n&nbsp;<br \/>\n<a href=\"http:\/\/5.45.101.177\/haut-allier\/usagers-transportse\/wp-content\/uploads\/2018\/05\/usagers-transports-haut-allier-itw-wauquiez-alleyras-18-05-2018.mp3\">usagers-transports-haut-allier-itw-wauquiez-alleyras-18-05-2018.mp3<\/a><br \/>\n&nbsp;<br \/>\nVous entendrez \u00e9galement le d\u00e9put\u00e9 Jean-Pierre Vigier en fin disant qu&rsquo;il a tenu une conf\u00e9rence de presse sur les petites lignes.<br \/>\n&nbsp;<br \/>\n<em>Le script :<\/em><br \/>\n&nbsp;<br \/>\nConcernant les deux TER Aura qui ne circulent plus depuis d\u00e9but mai, qu&rsquo;est-ce que vous comptez faire ?<br \/>\n&nbsp;<br \/>\nLW:<br \/>\n<strong>Nous l\u00e0 dessus&#8230; nous c&rsquo;est tr\u00e8s simple : vous savez que c&rsquo;est une ligne qui est g\u00e9r\u00e9e par l&rsquo;\u00e9tat, avec les TET, nous ce qu&rsquo;on a dit c&rsquo;est qu&rsquo;on entretenait la ligne et qu&rsquo;on \u00e9tait pr\u00eat \u00e0 faire des investissements pour sauver la petite ligne, investissements ferroviaires.<\/strong><br \/>\n&nbsp;<br \/>\nM\u00eame entre Saint-Georges d&rsquo;Aurac et Langogne ?<br \/>\n&nbsp;<br \/>\nLW:<br \/>\n<strong>Bien s\u00fbr.<\/strong><br \/>\n&nbsp;<br \/>\nParce que j&rsquo;ai entendu dire que vous ne vouliez pas d\u00e9penser un centime&#8230;<br \/>\n&nbsp;<br \/>\nLW:<br \/>\n<strong>Ah pas du tout ! Au contraire.<\/strong><br \/>\n&nbsp;<br \/>\nJPV:<br \/>\n<strong>Il y a 20 millions qui ont \u00e9t\u00e9 vot\u00e9 \u00e0 la derni\u00e8re s\u00e9ance&#8230;<\/strong><br \/>\n&nbsp;<br \/>\nLW:<br \/>\n<strong>J&rsquo;ai mis 20 millions. Et ils sont d\u00e9j\u00e0 adopt\u00e9s. Nous on n&rsquo;a aucun souci. Par contre l\u00e0 o\u00f9 il faut faire attention c&rsquo;est que l&rsquo;\u00e9tat n&rsquo;y met pas l&rsquo;argent, et qu&rsquo;on se fait balader l\u00e0 haut o\u00f9 il fait le malin \u00e0 dire : oui je mets je sais plus combien de millions sur les petites lignes&#8230; C&rsquo;est pas vrai. Parce que ce qui nous bloque aujourd&rsquo;hui c&rsquo;est que je n&rsquo;ai pas le versement des cr\u00e9dits d&rsquo;\u00e9tat. Moi je les ai d\u00e9j\u00e0 r\u00e9serv\u00e9s, on a mis l&rsquo;argent de c\u00f4t\u00e9. J&rsquo;ai aucun souci. La r\u00e9gion joue compl\u00e8tement son r\u00f4le.<\/strong><br \/>\n&nbsp;<br \/>\nOui mais voil\u00e0 le probl\u00e8me est qu&rsquo;il y a 3 trains et il n&rsquo;y en qu&rsquo;un qui circule&#8230;<br \/>\n&nbsp;<br \/>\nLW:<br \/>\n<strong>Je sais bien. Par contre la gestion du train \u00e7a c&rsquo;est pas moi, parce qu&rsquo;on est sur une ligne d&rsquo;\u00e9quilibre territoriale, elle a \u00e9t\u00e9 r\u00e9cup\u00e9r\u00e9e par la r\u00e9gion Occitanie, et donc c&rsquo;est la r\u00e9gion Occitanie qui d\u00e9cide.<\/strong><br \/>\n&nbsp;<br \/>\nLui il circule le train occitan.<br \/>\n&nbsp;<br \/>\nLW:<br \/>\n<strong>Je sais. Je sais. On en a parl\u00e9 l\u00e0 quand je suis all\u00e9 dans l&rsquo;Allier. Je sais.<\/strong><br \/>\n&nbsp;<br \/>\nJPV:<br \/>\n<strong>J&rsquo;ai fait une conf\u00e9rence de presse hier sur les petites lignes et l\u00e0 c&rsquo;est la responsabilit\u00e9 de la SNCF. Il sont sign\u00e9 une convention avec la r\u00e9gion et si les trains ne circulent pas il y aura des p\u00e9nalit\u00e9s fortes. <\/strong><br \/>\n&nbsp;<br \/>\nLW:<br \/>\n<strong>Mais par contre \u00e7a c&rsquo;est des trains qui sont&#8230; les trains de la r\u00e9gion ? Les TER ? <\/strong><br \/>\n&nbsp;<br \/>\nJPV:<br \/>\n<strong>Oui oui !<\/strong><br \/>\n&nbsp;<br \/>\nLW:<br \/>\n<strong>Ca je vais regarder.<\/strong><br \/>\n&nbsp;<br \/>\nLes trains Aura. Voil\u00e0.<br \/>\n&nbsp;<br \/>\nJPV :<br \/>\n<strong>Les deux trains AURA. C&rsquo;est pas les TET.<\/strong><br \/>\n&nbsp;<br \/>\nLW:<br \/>\n<strong>Ok. Ouais ouais. Bien.<\/strong><br \/>\n&nbsp;<\/p>\n","protected":false},"excerpt":{"rendered":"<p>Ecoutez l&rsquo;interview \u00e0 la fin, dans le brouhaha Wauquiez dit : \u00ab\u00a0\u00e7a je vais regarder\u00a0\u00bb. La rencontre est<\/p>\n","protected":false},"author":1,"featured_media":2376,"comment_status":"open","ping_status":"open","sticky":false,"template":"","format":"standard","meta":{"footnotes":""},"categories":[8],"tags":[],"class_list":["post-469","post","type-post","status-publish","format-standard","has-post-thumbnail","hentry","category-communiques"],"_links":{"self":[{"href":"https:\/\/usagers-transports.haut-allier.eu\/index.php\/wp-json\/wp\/v2\/posts\/469","targetHints":{"allow":["GET"]}}],"collection":[{"href":"https:\/\/usagers-transports.haut-allier.eu\/index.php\/wp-json\/wp\/v2\/posts"}],"about":[{"href":"https:\/\/usagers-transports.haut-allier.eu\/index.php\/wp-json\/wp\/v2\/types\/post"}],"author":[{"embeddable":true,"href":"https:\/\/usagers-transports.haut-allier.eu\/index.php\/wp-json\/wp\/v2\/users\/1"}],"replies":[{"embeddable":true,"href":"https:\/\/usagers-transports.haut-allier.eu\/index.php\/wp-json\/wp\/v2\/comments?post=469"}],"version-history":[{"count":0,"href":"https:\/\/usagers-transports.haut-allier.eu\/index.php\/wp-json\/wp\/v2\/posts\/469\/revisions"}],"wp:featuredmedia":[{"embeddable":true,"href":"https:\/\/usagers-transports.haut-allier.eu\/index.php\/wp-json\/wp\/v2\/media\/2376"}],"wp:attachment":[{"href":"https:\/\/usagers-transports.haut-allier.eu\/index.php\/wp-json\/wp\/v2\/media?parent=469"}],"wp:term":[{"taxonomy":"category","embeddable":true,"href":"https:\/\/usagers-transports.haut-allier.eu\/index.php\/wp-json\/wp\/v2\/categories?post=469"},{"taxonomy":"post_tag","embeddable":true,"href":"https:\/\/usagers-transports.haut-allier.eu\/index.php\/wp-json\/wp\/v2\/tags?post=469"}],"curies":[{"name":"wp","href":"https:\/\/api.w.org\/{rel}","templated":true}]}}